{"id":11216,"date":"2025-04-07T10:12:00","date_gmt":"2025-04-07T09:12:00","guid":{"rendered":"https:\/\/www.mielectro.es\/blog\/?p=11216"},"modified":"2025-04-30T11:58:29","modified_gmt":"2025-04-30T10:58:29","slug":"cual-es-el-mejor-aire-acondicionado","status":"publish","type":"post","link":"https:\/\/www.mielectro.es\/blog\/hogar-estilo-vida\/cual-es-el-mejor-aire-acondicionado\/","title":{"rendered":"\u00bfCu\u00e1l es el mejor aire acondicionado para este 2025?"},"content":{"rendered":"<div id=\"ez-toc-container\" class=\"ez-toc-v2_0_80 counter-hierarchy ez-toc-counter ez-toc-grey ez-toc-container-direction\">\n<p class=\"ez-toc-title\" style=\"cursor:inherit\">\u00bfQu\u00e9 vas a encontrar en este post?<\/p>\n<label for=\"ez-toc-cssicon-toggle-item-69f36fc34b9b0\" class=\"ez-toc-cssicon-toggle-label\"><span class=\"\"><span class=\"eztoc-hide\" style=\"display:none;\">Toggle<\/span><span class=\"ez-toc-icon-toggle-span\"><svg style=\"fill: #999;color:#999\" xmlns=\"http:\/\/www.w3.org\/2000\/svg\" class=\"list-377408\" width=\"20px\" height=\"20px\" viewBox=\"0 0 24 24\" fill=\"none\"><path d=\"M6 6H4v2h2V6zm14 0H8v2h12V6zM4 11h2v2H4v-2zm16 0H8v2h12v-2zM4 16h2v2H4v-2zm16 0H8v2h12v-2z\" fill=\"currentColor\"><\/path><\/svg><svg style=\"fill: #999;color:#999\" class=\"arrow-unsorted-368013\" xmlns=\"http:\/\/www.w3.org\/2000\/svg\" width=\"10px\" height=\"10px\" viewBox=\"0 0 24 24\" version=\"1.2\" baseProfile=\"tiny\"><path d=\"M18.2 9.3l-6.2-6.3-6.2 6.3c-.2.2-.3.4-.3.7s.1.5.3.7c.2.2.4.3.7.3h11c.3 0 .5-.1.7-.3.2-.2.3-.5.3-.7s-.1-.5-.3-.7zM5.8 14.7l6.2 6.3 6.2-6.3c.2-.2.3-.5.3-.7s-.1-.5-.3-.7c-.2-.2-.4-.3-.7-.3h-11c-.3 0-.5.1-.7.3-.2.2-.3.5-.3.7s.1.5.3.7z\"\/><\/svg><\/span><\/span><\/label><input type=\"checkbox\"  id=\"ez-toc-cssicon-toggle-item-69f36fc34b9b0\"  aria-label=\"Alternar\" \/><nav><ul class='ez-toc-list ez-toc-list-level-1 ' ><li class='ez-toc-page-1 ez-toc-heading-level-2'><a class=\"ez-toc-link ez-toc-heading-1\" href=\"https:\/\/www.mielectro.es\/blog\/hogar-estilo-vida\/cual-es-el-mejor-aire-acondicionado\/#Como_elegir_el_mejor_aire_acondicionado\" >C\u00f3mo elegir el mejor aire acondicionado<\/a><ul class='ez-toc-list-level-3' ><li class='ez-toc-heading-level-3'><a class=\"ez-toc-link ez-toc-heading-2\" href=\"https:\/\/www.mielectro.es\/blog\/hogar-estilo-vida\/cual-es-el-mejor-aire-acondicionado\/#Frigorias\" >Frigor\u00edas<\/a><\/li><li class='ez-toc-page-1 ez-toc-heading-level-3'><a class=\"ez-toc-link ez-toc-heading-3\" href=\"https:\/\/www.mielectro.es\/blog\/hogar-estilo-vida\/cual-es-el-mejor-aire-acondicionado\/#Ruido\" >Ruido<\/a><\/li><li class='ez-toc-page-1 ez-toc-heading-level-3'><a class=\"ez-toc-link ez-toc-heading-4\" href=\"https:\/\/www.mielectro.es\/blog\/hogar-estilo-vida\/cual-es-el-mejor-aire-acondicionado\/#Eficiencia_energetica\" >Eficiencia energ\u00e9tica<\/a><\/li><\/ul><\/li><li class='ez-toc-page-1 ez-toc-heading-level-2'><a class=\"ez-toc-link ez-toc-heading-5\" href=\"https:\/\/www.mielectro.es\/blog\/hogar-estilo-vida\/cual-es-el-mejor-aire-acondicionado\/#Ventajas_y_desventajas\" >Ventajas y desventajas<\/a><ul class='ez-toc-list-level-3' ><li class='ez-toc-heading-level-3'><a class=\"ez-toc-link ez-toc-heading-6\" href=\"https:\/\/www.mielectro.es\/blog\/hogar-estilo-vida\/cual-es-el-mejor-aire-acondicionado\/#Beneficios\" >Beneficios<\/a><\/li><li class='ez-toc-page-1 ez-toc-heading-level-3'><a class=\"ez-toc-link ez-toc-heading-7\" href=\"https:\/\/www.mielectro.es\/blog\/hogar-estilo-vida\/cual-es-el-mejor-aire-acondicionado\/#Inconvenientes\" >Inconvenientes<\/a><\/li><\/ul><\/li><li class='ez-toc-page-1 ez-toc-heading-level-2'><a class=\"ez-toc-link ez-toc-heading-8\" href=\"https:\/\/www.mielectro.es\/blog\/hogar-estilo-vida\/cual-es-el-mejor-aire-acondicionado\/#El_mejor_aire_acondicionado_para_2025\" >El mejor aire acondicionado para 2025<\/a><ul class='ez-toc-list-level-3' ><li class='ez-toc-heading-level-3'><a class=\"ez-toc-link ez-toc-heading-9\" href=\"https:\/\/www.mielectro.es\/blog\/hogar-estilo-vida\/cual-es-el-mejor-aire-acondicionado\/#Samsung_FAR12MLB\" >Samsung FAR12MLB<\/a><\/li><li class='ez-toc-page-1 ez-toc-heading-level-3'><a class=\"ez-toc-link ez-toc-heading-10\" href=\"https:\/\/www.mielectro.es\/blog\/hogar-estilo-vida\/cual-es-el-mejor-aire-acondicionado\/#Haier_Tide_Green_35\" >Haier Tide Green 35<\/a><\/li><li class='ez-toc-page-1 ez-toc-heading-level-3'><a class=\"ez-toc-link ez-toc-heading-11\" href=\"https:\/\/www.mielectro.es\/blog\/hogar-estilo-vida\/cual-es-el-mejor-aire-acondicionado\/#Beko_BEHPG120\" >Beko BEHPG120<\/a><\/li><li class='ez-toc-page-1 ez-toc-heading-level-3'><a class=\"ez-toc-link ez-toc-heading-12\" href=\"https:\/\/www.mielectro.es\/blog\/hogar-estilo-vida\/cual-es-el-mejor-aire-acondicionado\/#Mitsubishi_MSZDW50VF\" >Mitsubishi MSZDW50VF<\/a><\/li><\/ul><\/li><li class='ez-toc-page-1 ez-toc-heading-level-2'><a class=\"ez-toc-link ez-toc-heading-13\" href=\"https:\/\/www.mielectro.es\/blog\/hogar-estilo-vida\/cual-es-el-mejor-aire-acondicionado\/#%C2%BFDonde_comprar_el_mejor_aire_acondicionado\" >\u00bfD\u00f3nde comprar el mejor aire acondicionado?<\/a><\/li><\/ul><\/nav><\/div>\n\n<p>Cuando llega el calor nos damos cuenta de lo importante que es contar con un aparato de aire acondicionado en nuestro hogar. Durante el verano, lo utilizamos constantemente para mantener una temperatura agradable y c\u00f3moda a lo largo del d\u00eda.<\/p>\n\n\n\n<p>Existen modelos muy variados desde aparatos port\u00e1tiles hasta potentes equipos Split. Los primeros son muy \u00fatiles, puedes transportarlos a cualquier habitaci\u00f3n llevando el aire frio al rinc\u00f3n de tu hogar que quieras. Sin embargo, no tienen tanta potencia como los Splits y, por su puesto, para espacios amplios no son tan eficientes.<\/p>\n\n\n\n<p>Por lo tanto, el mejor aire acondicionado para este 2025 ser\u00e1 un Split que cumpla todas nuestras necesidades a la perfecci\u00f3n. A continuaci\u00f3n, daremos respuesta a la gran pregunta, \u00bfCu\u00e1l es el mejor aire acondicionado? Pero primero, vamos a ver qu\u00e9 caracter\u00edsticas tienes que tener en cuenta a la hora de elegir el tuyo.<\/p>\n\n\n\n<figure class=\"wp-block-image size-full\"><img decoding=\"async\" loading=\"lazy\" width=\"1024\" height=\"362\" src=\"https:\/\/www.mielectro.es\/blog\/wp-content\/uploads\/2024\/06\/Cual-es-el-mejor-aire-acondicionado.jpg\" alt=\"Cual es el mejor aire acondicionado y como elegirlo\" class=\"wp-image-11225\" srcset=\"https:\/\/www.mielectro.es\/blog\/wp-content\/uploads\/2024\/06\/Cual-es-el-mejor-aire-acondicionado.jpg 1024w, https:\/\/www.mielectro.es\/blog\/wp-content\/uploads\/2024\/06\/Cual-es-el-mejor-aire-acondicionado-300x106.jpg 300w, https:\/\/www.mielectro.es\/blog\/wp-content\/uploads\/2024\/06\/Cual-es-el-mejor-aire-acondicionado-768x272.jpg 768w, https:\/\/www.mielectro.es\/blog\/wp-content\/uploads\/2024\/06\/Cual-es-el-mejor-aire-acondicionado-150x53.jpg 150w, https:\/\/www.mielectro.es\/blog\/wp-content\/uploads\/2024\/06\/Cual-es-el-mejor-aire-acondicionado-696x246.jpg 696w\" sizes=\"(max-width: 1024px) 100vw, 1024px\" \/><\/figure>\n\n\n\n<h2 class=\"wp-block-heading\"><span class=\"ez-toc-section\" id=\"Como_elegir_el_mejor_aire_acondicionado\"><\/span><strong>C\u00f3mo elegir el mejor aire acondicionado<\/strong><span class=\"ez-toc-section-end\"><\/span><\/h2>\n\n\n\n<p>Encontrar un buen aparato de aire no tiene por qu\u00e9 ser una tarea complicada. Desde Mi Electro, te queremos ayudar mostr\u00e1ndote los factores o caracter\u00edsticas que deber\u00edas tener en cuenta a la hora de elegir el mejor aire acondicionado para tu hogar.<\/p>\n\n\n\n<h3 class=\"wp-block-heading\"><span class=\"ez-toc-section\" id=\"Frigorias\"><\/span><strong>Frigor\u00edas<\/strong><span class=\"ez-toc-section-end\"><\/span><\/h3>\n\n\n\n<p>Las frigor\u00edas miden la potencia de un aparto de aire acondicionado. Cuantas m\u00e1s tenga mejor capacidad para refrescar el ambiente a su alrededor. Un modelo muy bueno suele tener m\u00e1s de 3000 frigor\u00edas.<\/p>\n\n\n\n<h3 class=\"wp-block-heading\"><span class=\"ez-toc-section\" id=\"Ruido\"><\/span><strong>Ruido<\/strong><span class=\"ez-toc-section-end\"><\/span><\/h3>\n\n\n\n<p>A nadie le gusta un electrodom\u00e9stico ruidoso, aunque sea necesario para nuestro hogar. Es por ello que, tendr\u00e1s que controlar sus decibelios. Generalmente, por debajo de 20 dB se considera que un aire acondicionado es silencioso. Por lo que, mientras se acerque a esta cifra puedes estar tranquilo.<\/p>\n\n\n\n<h3 class=\"wp-block-heading\"><span class=\"ez-toc-section\" id=\"Eficiencia_energetica\"><\/span><strong>Eficiencia energ\u00e9tica<\/strong><span class=\"ez-toc-section-end\"><\/span><\/h3>\n\n\n\n<p>Por \u00faltimo, comprueba que su certificado energ\u00e9tico sea el que deseas. Recuerda que los aires fluct\u00faan entre la <a href=\"https:\/\/universalblue.es\/blog\/clasificacion-energetica-electrodomesticos-2021\/\" target=\"_blank\" rel=\"noreferrer noopener\">A+++ y la D<\/a>, siendo D la etiqueta m\u00e1s baja y, por tanto, menos eficiente. Es posible que los A+++ sean m\u00e1s costosos inicialmente, pero a la larga ser\u00e1n m\u00e1s rentables.<\/p>\n\n\n\n<h2 class=\"wp-block-heading\"><span class=\"ez-toc-section\" id=\"Ventajas_y_desventajas\"><\/span><strong>Ventajas y desventajas<\/strong><span class=\"ez-toc-section-end\"><\/span><\/h2>\n\n\n\n<p>Incluso el mejor aire acondicionado, puede tener ciertos inconvenientes. Sin embargo, lo importante es que te ofrezca m\u00e1s beneficios y mejores.<\/p>\n\n\n\n<h3 class=\"wp-block-heading\"><span class=\"ez-toc-section\" id=\"Beneficios\"><\/span><strong>Beneficios<\/strong><span class=\"ez-toc-section-end\"><\/span><\/h3>\n\n\n\n<p>La <a href=\"https:\/\/www.mielectro.es\/servicio-instalacion-aire-acondicionado\/\" target=\"_blank\" rel=\"noreferrer noopener\">instalaci\u00f3n del aire acondicionado<\/a> tiene que ser efectuada por profesionales certificados, lo que ofrece m\u00e1s confianza, ya que no la puede realizar cualquier instalador. Adem\u00e1s, la tecnolog\u00eda ha avanzado bastante haci\u00e9ndolos m\u00e1s eficientes y econ\u00f3micos que otras alternativas.<\/p>\n\n\n\n<h3 class=\"wp-block-heading\"><span class=\"ez-toc-section\" id=\"Inconvenientes\"><\/span><strong>Inconvenientes<\/strong><span class=\"ez-toc-section-end\"><\/span><\/h3>\n\n\n\n<p>Est\u00e1n pegados a la pared por lo que, pueden resaltar mucho con respecto a tu dise\u00f1o de sal\u00f3n o habitaci\u00f3n. Por otro lado, no son port\u00e1tiles, de modo que, necesitar\u00e1s un aparto por habitaci\u00f3n que quieras refrescar.<\/p>\n\n\n\n<h2 class=\"wp-block-heading\"><span class=\"ez-toc-section\" id=\"El_mejor_aire_acondicionado_para_2025\"><\/span><strong>El mejor aire acondicionado para 202<\/strong>5<span class=\"ez-toc-section-end\"><\/span><\/h2>\n\n\n\n<p>Es muy complicado quedarnos con uno solo, ya que cada uno tiene atributos especiales que podr\u00edan ser \u00fatiles dependiendo del hogar. Por lo tanto, ahora que sabes que beneficios e inconvenientes hay, y que caracter\u00edsticas son importantes para elegir el mejor aire acondicionado, vamos a ver algunas alternativas recomendables.<\/p>\n\n\n\n<h3 class=\"wp-block-heading\"><span class=\"ez-toc-section\" id=\"Samsung_FAR12MLB\"><\/span><strong>Samsung FAR12MLB<\/strong><span class=\"ez-toc-section-end\"><\/span><\/h3>\n\n\n\n<p>Este modelo ofrece m\u00e1s de 3000 frigor\u00edas, clase energ\u00e9tica A++ y un sistema de enfriamiento r\u00e1pido para que en cuesti\u00f3n de minutos puedas disfrutar de un ambiente fresco y renovado. Es la uni\u00f3n perfecta entre coste y potencia.<\/p>\n\n\n<div class=\"wp-block-image\">\n<figure class=\"aligncenter size-full is-resized\"><a href=\"https:\/\/www.mielectro.es\/climatizacion-5270076\/clima-5271076\/aire-acondicionado-5272076\/\" target=\"_blank\" rel=\"noreferrer noopener\"><img decoding=\"async\" loading=\"lazy\" src=\"https:\/\/www.mielectro.es\/blog\/wp-content\/uploads\/2024\/06\/Aire-samsung.jpg\" alt=\"\" class=\"wp-image-11219\" width=\"512\" height=\"256\" srcset=\"https:\/\/www.mielectro.es\/blog\/wp-content\/uploads\/2024\/06\/Aire-samsung.jpg 1024w, https:\/\/www.mielectro.es\/blog\/wp-content\/uploads\/2024\/06\/Aire-samsung-300x150.jpg 300w, https:\/\/www.mielectro.es\/blog\/wp-content\/uploads\/2024\/06\/Aire-samsung-768x383.jpg 768w, https:\/\/www.mielectro.es\/blog\/wp-content\/uploads\/2024\/06\/Aire-samsung-150x75.jpg 150w, https:\/\/www.mielectro.es\/blog\/wp-content\/uploads\/2024\/06\/Aire-samsung-696x347.jpg 696w, https:\/\/www.mielectro.es\/blog\/wp-content\/uploads\/2024\/06\/Aire-samsung-842x420.jpg 842w\" sizes=\"(max-width: 512px) 100vw, 512px\" \/><\/a><\/figure><\/div>\n\n\n<h3 class=\"wp-block-heading\"><span class=\"ez-toc-section\" id=\"Haier_Tide_Green_35\"><\/span><strong>Haier Tide Green 35<\/strong><span class=\"ez-toc-section-end\"><\/span><\/h3>\n\n\n\n<p>A trav\u00e9s de una aplicaci\u00f3n en tu smartphone, Haier permite que puedas controlar de forma remota las casi 3100 frigor\u00edas que ofrece en su modelo Tide Green 35. Tambi\u00e9n cuenta con un etiquetado energ\u00e9tico A++ y es considerado silencioso, gracias a sus 19 dB.<\/p>\n\n\n<div class=\"wp-block-image\">\n<figure class=\"aligncenter size-full is-resized\"><a href=\"https:\/\/www.mielectro.es\/climatizacion-5270076\/clima-5271076\/aire-acondicionado-5272076\/\" target=\"_blank\" rel=\"noreferrer noopener\"><img decoding=\"async\" loading=\"lazy\" src=\"https:\/\/www.mielectro.es\/blog\/wp-content\/uploads\/2024\/06\/Aire-haier.jpg\" alt=\"\" class=\"wp-image-11220\" width=\"512\" height=\"277\" srcset=\"https:\/\/www.mielectro.es\/blog\/wp-content\/uploads\/2024\/06\/Aire-haier.jpg 1024w, https:\/\/www.mielectro.es\/blog\/wp-content\/uploads\/2024\/06\/Aire-haier-300x162.jpg 300w, https:\/\/www.mielectro.es\/blog\/wp-content\/uploads\/2024\/06\/Aire-haier-768x416.jpg 768w, https:\/\/www.mielectro.es\/blog\/wp-content\/uploads\/2024\/06\/Aire-haier-150x81.jpg 150w, https:\/\/www.mielectro.es\/blog\/wp-content\/uploads\/2024\/06\/Aire-haier-696x377.jpg 696w, https:\/\/www.mielectro.es\/blog\/wp-content\/uploads\/2024\/06\/Aire-haier-776x420.jpg 776w\" sizes=\"(max-width: 512px) 100vw, 512px\" \/><\/a><\/figure><\/div>\n\n\n<h3 class=\"wp-block-heading\"><span class=\"ez-toc-section\" id=\"Beko_BEHPG120\"><\/span><strong>Beko BEHPG120<\/strong><span class=\"ez-toc-section-end\"><\/span><\/h3>\n\n\n\n<p>Al igual que el anterior, Beko ha integrado la tecnolog\u00eda de conectividad Wifi en su dispositivo para que puedas acceder a su panel de control desde cualquier lugar. Por otro lado, supera las 3000 frigor\u00edas, cuenta con la etiqueta A++ y dispone de la tecnolog\u00eda de \u201cbomba de calor\u201d. Con ella, puede absorber el calor de su alrededor para devolverlo fr\u00edo, acelerando el proceso.<\/p>\n\n\n<div class=\"wp-block-image\">\n<figure class=\"aligncenter size-full is-resized\"><a href=\"https:\/\/www.mielectro.es\/climatizacion-5270076\/clima-5271076\/aire-acondicionado-5272076\/\" target=\"_blank\" rel=\"noreferrer noopener\"><img decoding=\"async\" loading=\"lazy\" src=\"https:\/\/www.mielectro.es\/blog\/wp-content\/uploads\/2024\/06\/Aire-beko-edited.jpg\" alt=\"\" class=\"wp-image-11222\" width=\"347\" height=\"347\" srcset=\"https:\/\/www.mielectro.es\/blog\/wp-content\/uploads\/2024\/06\/Aire-beko-edited.jpg 694w, https:\/\/www.mielectro.es\/blog\/wp-content\/uploads\/2024\/06\/Aire-beko-edited-300x300.jpg 300w, https:\/\/www.mielectro.es\/blog\/wp-content\/uploads\/2024\/06\/Aire-beko-edited-150x150.jpg 150w, https:\/\/www.mielectro.es\/blog\/wp-content\/uploads\/2024\/06\/Aire-beko-edited-420x420.jpg 420w\" sizes=\"(max-width: 347px) 100vw, 347px\" \/><\/a><\/figure><\/div>\n\n\n<h3 class=\"wp-block-heading\"><span class=\"ez-toc-section\" id=\"Mitsubishi_MSZDW50VF\"><\/span><strong>Mitsubishi MSZDW50VF<\/strong><span class=\"ez-toc-section-end\"><\/span><\/h3>\n\n\n\n<p>Por \u00faltimo, para espacios grandes, Mitsubishi lanz\u00f3 su MSZDW50VF, un aire con filtro purificador, Wifi, etiqueta energ\u00e9tica A++ y una potencia de 4300 frigor\u00edas. Con esta capacidad, no habr\u00e1 habitaci\u00f3n que se resista, independientemente del tama\u00f1o, este equipo lograr\u00e1 refrescar el ambiente en minutos.<\/p>\n\n\n<div class=\"wp-block-image\">\n<figure class=\"aligncenter size-full is-resized\"><a href=\"https:\/\/www.mielectro.es\/climatizacion-5270076\/clima-5271076\/aire-acondicionado-5272076\/\" target=\"_blank\" rel=\"noreferrer noopener\"><img decoding=\"async\" loading=\"lazy\" src=\"https:\/\/www.mielectro.es\/blog\/wp-content\/uploads\/2024\/06\/Aire-mitsubishi.jpg\" alt=\"\" class=\"wp-image-11223\" width=\"512\" height=\"197\" srcset=\"https:\/\/www.mielectro.es\/blog\/wp-content\/uploads\/2024\/06\/Aire-mitsubishi.jpg 1024w, https:\/\/www.mielectro.es\/blog\/wp-content\/uploads\/2024\/06\/Aire-mitsubishi-300x115.jpg 300w, https:\/\/www.mielectro.es\/blog\/wp-content\/uploads\/2024\/06\/Aire-mitsubishi-768x296.jpg 768w, https:\/\/www.mielectro.es\/blog\/wp-content\/uploads\/2024\/06\/Aire-mitsubishi-150x58.jpg 150w, https:\/\/www.mielectro.es\/blog\/wp-content\/uploads\/2024\/06\/Aire-mitsubishi-696x268.jpg 696w\" sizes=\"(max-width: 512px) 100vw, 512px\" \/><\/a><\/figure><\/div>\n\n\n<h2 class=\"wp-block-heading\"><span class=\"ez-toc-section\" id=\"%C2%BFDonde_comprar_el_mejor_aire_acondicionado\"><\/span><strong>\u00bfD\u00f3nde comprar el mejor aire acondicionado?<\/strong><span class=\"ez-toc-section-end\"><\/span><\/h2>\n\n\n\n<p>Encontrar un <a href=\"https:\/\/www.mielectro.es\/climatizacion-5270076\/clima-5271076\/aire-acondicionado-5272076\/\" target=\"_blank\" rel=\"noreferrer noopener\">aire acondicionado barato<\/a> no tiene porque ser dif\u00edcil. En Mi Electro, tenemos una amplia variedad de equipos que pueden cumplir e incluso superar tus expectativas. Adem\u00e1s, podr\u00e1s pedirlo online, recibirlo en 24 horas y nuestro equipo de profesionales certificados lo instalar\u00e1n y dejar\u00e1n en marcha sin complicaciones.<\/p>\n\n\n\n<p>Y si quieres descubrir ofertas y descuentos incre\u00edbles, sin tener que hacer nada, te invitamos a suscribirte a nuestra <a href=\"https:\/\/www.mielectro.es\/suscripcion-newsletter\/\" target=\"_blank\" rel=\"noreferrer noopener\">newsletter<\/a>. Todas las semanas recibir\u00e1s, en tu correo, las rebajas m\u00e1s destacadas de nuestra <a href=\"https:\/\/www.mielectro.es\/\" target=\"_blank\" rel=\"noreferrer noopener\">tienda de electrodom\u00e9sticos y tecnolog\u00eda<\/a>.<\/p>\n","protected":false},"excerpt":{"rendered":"<p>Cuando llega el calor nos damos cuenta de lo importante que es contar con un aparato de aire acondicionado en nuestro hogar. Durante el verano, lo utilizamos constantemente para mantener una temperatura agradable y c\u00f3moda a lo largo del d\u00eda. Existen modelos muy variados desde aparatos port\u00e1tiles hasta potentes equipos Split. Los primeros son muy [&hellip;]<\/p>\n","protected":false},"author":8,"featured_media":11227,"comment_status":"open","ping_status":"open","sticky":false,"template":"","format":"standard","meta":{"tdm_status":"","tdm_grid_status":""},"categories":[247,501],"yoast_head":"<!-- This site is optimized with the Yoast SEO plugin v21.7 - https:\/\/yoast.com\/wordpress\/plugins\/seo\/ -->\n<title>\u00bfCu\u00e1l es el mejor aire acondicionado para 2024?<\/title>\n<meta name=\"description\" content=\"Para encontrar el mejor aire acondicionado es importante que conozcamos los atributos que lo hacen mejor que otros. \u00a1Aprende cu\u00e1les son aqu\u00ed!\" \/>\n<meta name=\"robots\" content=\"index, follow, max-snippet:-1, max-image-preview:large, max-video-preview:-1\" \/>\n<link rel=\"canonical\" href=\"https:\/\/www.mielectro.es\/blog\/hogar-estilo-vida\/cual-es-el-mejor-aire-acondicionado\/\" \/>\n<meta property=\"og:locale\" content=\"es_ES\" \/>\n<meta property=\"og:type\" content=\"article\" \/>\n<meta property=\"og:title\" content=\"\u00bfCu\u00e1l es el mejor aire acondicionado para 2024?\" \/>\n<meta property=\"og:description\" content=\"Para encontrar el mejor aire acondicionado es importante que conozcamos los atributos que lo hacen mejor que otros. \u00a1Aprende cu\u00e1les son aqu\u00ed!\" \/>\n<meta property=\"og:url\" content=\"https:\/\/www.mielectro.es\/blog\/hogar-estilo-vida\/cual-es-el-mejor-aire-acondicionado\/\" \/>\n<meta property=\"og:site_name\" content=\"Mi Electro News\" \/>\n<meta property=\"article:publisher\" content=\"https:\/\/www.facebook.com\/MiElectro.es\/\" \/>\n<meta property=\"article:published_time\" content=\"2025-04-07T09:12:00+00:00\" \/>\n<meta property=\"article:modified_time\" content=\"2025-04-30T10:58:29+00:00\" \/>\n<meta property=\"og:image\" content=\"https:\/\/www.mielectro.es\/blog\/wp-content\/uploads\/2024\/06\/El-mejor-aire-acondicionado.jpg\" \/>\n\t<meta property=\"og:image:width\" content=\"1200\" \/>\n\t<meta property=\"og:image:height\" content=\"800\" \/>\n\t<meta property=\"og:image:type\" content=\"image\/jpeg\" \/>\n<meta name=\"author\" content=\"Experto Mi Electro\" \/>\n<meta name=\"twitter:card\" content=\"summary_large_image\" \/>\n<meta name=\"twitter:creator\" content=\"@Mi_Electro\" \/>\n<meta name=\"twitter:site\" content=\"@Mi_Electro\" \/>\n<meta name=\"twitter:label1\" content=\"Escrito por\" \/>\n\t<meta name=\"twitter:data1\" content=\"Experto Mi Electro\" \/>\n\t<meta name=\"twitter:label2\" content=\"Tiempo de lectura\" \/>\n\t<meta name=\"twitter:data2\" content=\"5 minutos\" \/>\n<script type=\"application\/ld+json\" class=\"yoast-schema-graph\">{\"@context\":\"https:\/\/schema.org\",\"@graph\":[{\"@type\":\"WebPage\",\"@id\":\"https:\/\/www.mielectro.es\/blog\/hogar-estilo-vida\/cual-es-el-mejor-aire-acondicionado\/\",\"url\":\"https:\/\/www.mielectro.es\/blog\/hogar-estilo-vida\/cual-es-el-mejor-aire-acondicionado\/\",\"name\":\"\u00bfCu\u00e1l es el mejor aire acondicionado para 2024?\",\"isPartOf\":{\"@id\":\"https:\/\/www.mielectro.es\/blog\/#website\"},\"datePublished\":\"2025-04-07T09:12:00+00:00\",\"dateModified\":\"2025-04-30T10:58:29+00:00\",\"author\":{\"@id\":\"https:\/\/www.mielectro.es\/blog\/#\/schema\/person\/ada5decd4ef317dd03e1c96f83732149\"},\"description\":\"Para encontrar el mejor aire acondicionado es importante que conozcamos los atributos que lo hacen mejor que otros. \u00a1Aprende cu\u00e1les son aqu\u00ed!\",\"breadcrumb\":{\"@id\":\"https:\/\/www.mielectro.es\/blog\/hogar-estilo-vida\/cual-es-el-mejor-aire-acondicionado\/#breadcrumb\"},\"inLanguage\":\"es\",\"potentialAction\":[{\"@type\":\"ReadAction\",\"target\":[\"https:\/\/www.mielectro.es\/blog\/hogar-estilo-vida\/cual-es-el-mejor-aire-acondicionado\/\"]}]},{\"@type\":\"BreadcrumbList\",\"@id\":\"https:\/\/www.mielectro.es\/blog\/hogar-estilo-vida\/cual-es-el-mejor-aire-acondicionado\/#breadcrumb\",\"itemListElement\":[{\"@type\":\"ListItem\",\"position\":1,\"name\":\"Home\",\"item\":\"https:\/\/www.mielectro.es\/blog\/\"},{\"@type\":\"ListItem\",\"position\":2,\"name\":\"\u00bfCu\u00e1l es el mejor aire acondicionado para este 2025?\"}]},{\"@type\":\"WebSite\",\"@id\":\"https:\/\/www.mielectro.es\/blog\/#website\",\"url\":\"https:\/\/www.mielectro.es\/blog\/\",\"name\":\"Mi Electro\",\"description\":\"El blog de tu tienda de electrodom\u00e9sticos online\",\"potentialAction\":[{\"@type\":\"SearchAction\",\"target\":{\"@type\":\"EntryPoint\",\"urlTemplate\":\"https:\/\/www.mielectro.es\/blog\/?s={search_term_string}\"},\"query-input\":\"required name=search_term_string\"}],\"inLanguage\":\"es\"},{\"@type\":\"Person\",\"@id\":\"https:\/\/www.mielectro.es\/blog\/#\/schema\/person\/ada5decd4ef317dd03e1c96f83732149\",\"name\":\"Experto Mi Electro\",\"sameAs\":[\"https:\/\/www.mielectro.es\/blog\/\"]}]}<\/script>\n<!-- \/ Yoast SEO plugin. -->","yoast_head_json":{"title":"\u00bfCu\u00e1l es el mejor aire acondicionado para 2024?","description":"Para encontrar el mejor aire acondicionado es importante que conozcamos los atributos que lo hacen mejor que otros. \u00a1Aprende cu\u00e1les son aqu\u00ed!","robots":{"index":"index","follow":"follow","max-snippet":"max-snippet:-1","max-image-preview":"max-image-preview:large","max-video-preview":"max-video-preview:-1"},"canonical":"https:\/\/www.mielectro.es\/blog\/hogar-estilo-vida\/cual-es-el-mejor-aire-acondicionado\/","og_locale":"es_ES","og_type":"article","og_title":"\u00bfCu\u00e1l es el mejor aire acondicionado para 2024?","og_description":"Para encontrar el mejor aire acondicionado es importante que conozcamos los atributos que lo hacen mejor que otros. \u00a1Aprende cu\u00e1les son aqu\u00ed!","og_url":"https:\/\/www.mielectro.es\/blog\/hogar-estilo-vida\/cual-es-el-mejor-aire-acondicionado\/","og_site_name":"Mi Electro News","article_publisher":"https:\/\/www.facebook.com\/MiElectro.es\/","article_published_time":"2025-04-07T09:12:00+00:00","article_modified_time":"2025-04-30T10:58:29+00:00","og_image":[{"width":1200,"height":800,"url":"https:\/\/www.mielectro.es\/blog\/wp-content\/uploads\/2024\/06\/El-mejor-aire-acondicionado.jpg","type":"image\/jpeg"}],"author":"Experto Mi Electro","twitter_card":"summary_large_image","twitter_creator":"@Mi_Electro","twitter_site":"@Mi_Electro","twitter_misc":{"Escrito por":"Experto Mi Electro","Tiempo de lectura":"5 minutos"},"schema":{"@context":"https:\/\/schema.org","@graph":[{"@type":"WebPage","@id":"https:\/\/www.mielectro.es\/blog\/hogar-estilo-vida\/cual-es-el-mejor-aire-acondicionado\/","url":"https:\/\/www.mielectro.es\/blog\/hogar-estilo-vida\/cual-es-el-mejor-aire-acondicionado\/","name":"\u00bfCu\u00e1l es el mejor aire acondicionado para 2024?","isPartOf":{"@id":"https:\/\/www.mielectro.es\/blog\/#website"},"datePublished":"2025-04-07T09:12:00+00:00","dateModified":"2025-04-30T10:58:29+00:00","author":{"@id":"https:\/\/www.mielectro.es\/blog\/#\/schema\/person\/ada5decd4ef317dd03e1c96f83732149"},"description":"Para encontrar el mejor aire acondicionado es importante que conozcamos los atributos que lo hacen mejor que otros. \u00a1Aprende cu\u00e1les son aqu\u00ed!","breadcrumb":{"@id":"https:\/\/www.mielectro.es\/blog\/hogar-estilo-vida\/cual-es-el-mejor-aire-acondicionado\/#breadcrumb"},"inLanguage":"es","potentialAction":[{"@type":"ReadAction","target":["https:\/\/www.mielectro.es\/blog\/hogar-estilo-vida\/cual-es-el-mejor-aire-acondicionado\/"]}]},{"@type":"BreadcrumbList","@id":"https:\/\/www.mielectro.es\/blog\/hogar-estilo-vida\/cual-es-el-mejor-aire-acondicionado\/#breadcrumb","itemListElement":[{"@type":"ListItem","position":1,"name":"Home","item":"https:\/\/www.mielectro.es\/blog\/"},{"@type":"ListItem","position":2,"name":"\u00bfCu\u00e1l es el mejor aire acondicionado para este 2025?"}]},{"@type":"WebSite","@id":"https:\/\/www.mielectro.es\/blog\/#website","url":"https:\/\/www.mielectro.es\/blog\/","name":"Mi Electro","description":"El blog de tu tienda de electrodom\u00e9sticos online","potentialAction":[{"@type":"SearchAction","target":{"@type":"EntryPoint","urlTemplate":"https:\/\/www.mielectro.es\/blog\/?s={search_term_string}"},"query-input":"required name=search_term_string"}],"inLanguage":"es"},{"@type":"Person","@id":"https:\/\/www.mielectro.es\/blog\/#\/schema\/person\/ada5decd4ef317dd03e1c96f83732149","name":"Experto Mi Electro","sameAs":["https:\/\/www.mielectro.es\/blog\/"]}]}},"_links":{"self":[{"href":"https:\/\/www.mielectro.es\/blog\/wp-json\/wp\/v2\/posts\/11216"}],"collection":[{"href":"https:\/\/www.mielectro.es\/blog\/wp-json\/wp\/v2\/posts"}],"about":[{"href":"https:\/\/www.mielectro.es\/blog\/wp-json\/wp\/v2\/types\/post"}],"author":[{"embeddable":true,"href":"https:\/\/www.mielectro.es\/blog\/wp-json\/wp\/v2\/users\/8"}],"replies":[{"embeddable":true,"href":"https:\/\/www.mielectro.es\/blog\/wp-json\/wp\/v2\/comments?post=11216"}],"version-history":[{"count":5,"href":"https:\/\/www.mielectro.es\/blog\/wp-json\/wp\/v2\/posts\/11216\/revisions"}],"predecessor-version":[{"id":12023,"href":"https:\/\/www.mielectro.es\/blog\/wp-json\/wp\/v2\/posts\/11216\/revisions\/12023"}],"wp:featuredmedia":[{"embeddable":true,"href":"https:\/\/www.mielectro.es\/blog\/wp-json\/wp\/v2\/media\/11227"}],"wp:attachment":[{"href":"https:\/\/www.mielectro.es\/blog\/wp-json\/wp\/v2\/media?parent=11216"}],"wp:term":[{"taxonomy":"category","embeddable":true,"href":"https:\/\/www.mielectro.es\/blog\/wp-json\/wp\/v2\/categories?post=11216"}],"curies":[{"name":"wp","href":"https:\/\/api.w.org\/{rel}","templated":true}]}}