{"id":11325,"date":"2024-06-28T14:51:51","date_gmt":"2024-06-28T13:51:51","guid":{"rendered":"https:\/\/www.mielectro.es\/blog\/?p=11325"},"modified":"2024-10-14T11:24:23","modified_gmt":"2024-10-14T10:24:23","slug":"que-electrodomesticos-consumen-mas-en-verano","status":"publish","type":"post","link":"https:\/\/www.mielectro.es\/blog\/hogar-estilo-vida\/que-electrodomesticos-consumen-mas-en-verano\/","title":{"rendered":"Qu\u00e9 electrodom\u00e9sticos consumen m\u00e1s en verano"},"content":{"rendered":"<div id=\"ez-toc-container\" class=\"ez-toc-v2_0_80 counter-hierarchy ez-toc-counter ez-toc-grey ez-toc-container-direction\">\n<p class=\"ez-toc-title\" style=\"cursor:inherit\">\u00bfQu\u00e9 vas a encontrar en este post?<\/p>\n<label for=\"ez-toc-cssicon-toggle-item-69f3a21c4dfe4\" class=\"ez-toc-cssicon-toggle-label\"><span class=\"\"><span class=\"eztoc-hide\" style=\"display:none;\">Toggle<\/span><span class=\"ez-toc-icon-toggle-span\"><svg style=\"fill: #999;color:#999\" xmlns=\"http:\/\/www.w3.org\/2000\/svg\" class=\"list-377408\" width=\"20px\" height=\"20px\" viewBox=\"0 0 24 24\" fill=\"none\"><path d=\"M6 6H4v2h2V6zm14 0H8v2h12V6zM4 11h2v2H4v-2zm16 0H8v2h12v-2zM4 16h2v2H4v-2zm16 0H8v2h12v-2z\" fill=\"currentColor\"><\/path><\/svg><svg style=\"fill: #999;color:#999\" class=\"arrow-unsorted-368013\" xmlns=\"http:\/\/www.w3.org\/2000\/svg\" width=\"10px\" height=\"10px\" viewBox=\"0 0 24 24\" version=\"1.2\" baseProfile=\"tiny\"><path d=\"M18.2 9.3l-6.2-6.3-6.2 6.3c-.2.2-.3.4-.3.7s.1.5.3.7c.2.2.4.3.7.3h11c.3 0 .5-.1.7-.3.2-.2.3-.5.3-.7s-.1-.5-.3-.7zM5.8 14.7l6.2 6.3 6.2-6.3c.2-.2.3-.5.3-.7s-.1-.5-.3-.7c-.2-.2-.4-.3-.7-.3h-11c-.3 0-.5.1-.7.3-.2.2-.3.5-.3.7s.1.5.3.7z\"\/><\/svg><\/span><\/span><\/label><input type=\"checkbox\"  id=\"ez-toc-cssicon-toggle-item-69f3a21c4dfe4\"  aria-label=\"Alternar\" \/><nav><ul class='ez-toc-list ez-toc-list-level-1 ' ><li class='ez-toc-page-1 ez-toc-heading-level-2'><a class=\"ez-toc-link ez-toc-heading-1\" href=\"https:\/\/www.mielectro.es\/blog\/hogar-estilo-vida\/que-electrodomesticos-consumen-mas-en-verano\/#Electrodomesticos_que_mas_consumen\" >Electrodom\u00e9sticos que m\u00e1s consumen<\/a><ul class='ez-toc-list-level-3' ><li class='ez-toc-heading-level-3'><a class=\"ez-toc-link ez-toc-heading-2\" href=\"https:\/\/www.mielectro.es\/blog\/hogar-estilo-vida\/que-electrodomesticos-consumen-mas-en-verano\/#Lavavajillas\" >Lavavajillas<\/a><\/li><li class='ez-toc-page-1 ez-toc-heading-level-3'><a class=\"ez-toc-link ez-toc-heading-3\" href=\"https:\/\/www.mielectro.es\/blog\/hogar-estilo-vida\/que-electrodomesticos-consumen-mas-en-verano\/#Lavadoras\" >Lavadoras<\/a><\/li><li class='ez-toc-page-1 ez-toc-heading-level-3'><a class=\"ez-toc-link ez-toc-heading-4\" href=\"https:\/\/www.mielectro.es\/blog\/hogar-estilo-vida\/que-electrodomesticos-consumen-mas-en-verano\/#Frigorificos\" >Frigor\u00edficos<\/a><\/li><li class='ez-toc-page-1 ez-toc-heading-level-3'><a class=\"ez-toc-link ez-toc-heading-5\" href=\"https:\/\/www.mielectro.es\/blog\/hogar-estilo-vida\/que-electrodomesticos-consumen-mas-en-verano\/#Secadoras\" >Secadoras<\/a><\/li><li class='ez-toc-page-1 ez-toc-heading-level-3'><a class=\"ez-toc-link ez-toc-heading-6\" href=\"https:\/\/www.mielectro.es\/blog\/hogar-estilo-vida\/que-electrodomesticos-consumen-mas-en-verano\/#Donde_encontrar_electrodomesticos_de_bajo_consumo\" >D\u00f3nde encontrar electrodom\u00e9sticos de bajo consumo<\/a><\/li><\/ul><\/li><\/ul><\/nav><\/div>\n\n<p>Utilizamos electrodom\u00e9sticos durante todo el a\u00f1o. Estos, generan un impacto directo sobre nuestro bolsillo a trav\u00e9s de la factura de la luz. Sin embargo, durante verano, nuestros gastos aumentan en general y, por lo tanto, conocer qu\u00e9 electrodom\u00e9sticos consumen m\u00e1s, es muy importante.<\/p>\n\n\n\n<p>A continuaci\u00f3n, vamos a analizar el consumo de los electrodom\u00e9sticos de nuestros hogares, para comprender cu\u00e1les son m\u00e1s eficientes y cu\u00e1les no.<\/p>\n\n\n\n<h2 class=\"wp-block-heading\"><span class=\"ez-toc-section\" id=\"Electrodomesticos_que_mas_consumen\"><\/span><strong>Electrodom\u00e9sticos que m\u00e1s consumen<\/strong><span class=\"ez-toc-section-end\"><\/span><\/h2>\n\n\n\n<p>Podemos pensar que los aparatos que m\u00e1s gasto energ\u00e9tico tendr\u00e1n, ser\u00e1n aquellos que est\u00e1n m\u00e1s tiempo enchufados. Sin embargo, aunque en ciertos casos esto es as\u00ed, hay otros electrodom\u00e9sticos que han conseguido integrar una eficiencia energ\u00e9tica \u00f3ptima.<\/p>\n\n\n\n<p>Seg\u00fan la organizaci\u00f3n de consumidores y usuarios <a href=\"https:\/\/www.ocu.org\/vivienda-y-energia\/equipamiento-hogar\/consejos\/electrodomesticos-cuanto-consumen\" target=\"_blank\" rel=\"noreferrer noopener\">(OCU<\/a>), los equipos que m\u00e1s repercuten en nuestra factura mes a mes son los siguientes:<\/p>\n\n\n\n<h3 class=\"wp-block-heading\"><span class=\"ez-toc-section\" id=\"Lavavajillas\"><\/span><strong>Lavavajillas<\/strong><span class=\"ez-toc-section-end\"><\/span><\/h3>\n\n\n\n<p>Actualmente, los lavavajillas consumen agua de forma muy eficiente, pero la electricidad sigue siendo m\u00e1s alto que el resto de aparatos. De hecho, los datos de la OCU arrojan que, de media los lavavajillas gastan 0.757 KW\/h por uso.<\/p>\n\n\n\n<p>Para hacer los c\u00e1lculos, si tomamos estos valores podemos confirmar, haciendo un lavado al d\u00eda, un <strong>consumo mensual de 22,710 KW\/h<\/strong>. Si lo pasamos al <strong>gasto anual, ser\u00edan 272 KW\/h<\/strong>, posicion\u00e1ndolo como uno de los equipos m\u00e1s costosos. Aunque, existen opciones m\u00e1s econ\u00f3micas como los <a href=\"https:\/\/www.mielectro.es\/lavavajillas-bajo-consumo-5861076\/\" target=\"_blank\" rel=\"noreferrer noopener\">lavavajillas de bajo consumo<\/a>.<\/p>\n\n\n\n<figure class=\"wp-block-image size-full\"><img decoding=\"async\" loading=\"lazy\" width=\"1024\" height=\"362\" src=\"https:\/\/www.mielectro.es\/blog\/wp-content\/uploads\/2024\/06\/Consumo-del-lavavajillas.jpg\" alt=\"Consumo del lavavajillas\" class=\"wp-image-11328\" srcset=\"https:\/\/www.mielectro.es\/blog\/wp-content\/uploads\/2024\/06\/Consumo-del-lavavajillas.jpg 1024w, https:\/\/www.mielectro.es\/blog\/wp-content\/uploads\/2024\/06\/Consumo-del-lavavajillas-300x106.jpg 300w, https:\/\/www.mielectro.es\/blog\/wp-content\/uploads\/2024\/06\/Consumo-del-lavavajillas-768x272.jpg 768w, https:\/\/www.mielectro.es\/blog\/wp-content\/uploads\/2024\/06\/Consumo-del-lavavajillas-150x53.jpg 150w, https:\/\/www.mielectro.es\/blog\/wp-content\/uploads\/2024\/06\/Consumo-del-lavavajillas-696x246.jpg 696w\" sizes=\"(max-width: 1024px) 100vw, 1024px\" \/><\/figure>\n\n\n\n<h3 class=\"wp-block-heading\"><span class=\"ez-toc-section\" id=\"Lavadoras\"><\/span><strong>Lavadoras<\/strong><span class=\"ez-toc-section-end\"><\/span><\/h3>\n\n\n\n<p>Este electrodom\u00e9stico lleva algo m\u00e1s de variaci\u00f3n. Dependiendo de la \u00e9poca del a\u00f1o es posible que utilicemos m\u00e1s o menos la lavadora. Por ejemplo, en verano tenemos que lavar m\u00e1s ropa, ya que sudamos m\u00e1s y hacemos m\u00e1s actividades, mientras que en invierno el tejido es diferente. Por lo tanto, los valores sobre el consumo anual pueden cambiar considerablemente, y esto sin contar con las <a href=\"https:\/\/www.mielectro.es\/lavadoras-bajo-consumo-5859076\/\" target=\"_blank\" rel=\"noreferrer noopener\">lavadoras de bajo consumo<\/a>.<\/p>\n\n\n\n<p>Si suponemos que realizamos 4 lavados a la semana, la OCU nos habla de un consumo de 1,034 KW\/h por lavado. Por lo que, ser\u00edan <strong>4,136 KW\/h a la semana y 16,544 KW\/h al mes<\/strong>.<\/p>\n\n\n\n<p>Multiplicando este valor por los 12 meses del a\u00f1o, suponiendo un consumo constante durante todos ellos, tendr\u00edamos <strong>198,52 KW\/h<\/strong>. Manteniendo estos supuestos, los lavavajillas son menos eficientes que las lavadoras, de forma general.<\/p>\n\n\n\n<h3 class=\"wp-block-heading\"><span class=\"ez-toc-section\" id=\"Frigorificos\"><\/span><strong>Frigor\u00edficos<\/strong><span class=\"ez-toc-section-end\"><\/span><\/h3>\n\n\n\n<p>Todos consideran que el frigor\u00edfico es el electrodom\u00e9stico m\u00e1s costoso, y t\u00e9cnicamente, al d\u00eda es el aparato que m\u00e1s consume. Esto se debe a que est\u00e1 todo el d\u00eda enchufado. Sin embargo, vamos a ver exactamente el gasto energ\u00e9tico que tiene y en qu\u00e9 posici\u00f3n.<\/p>\n\n\n\n<p>Habitualmente, estos equipos tienen un consumo <strong>mensual de 20,250 KW\/h<\/strong>, llegando a unos <strong>243 KW\/h al a\u00f1o<\/strong>. Tomando estos valores, los frigor\u00edficos se quedan en tercera posici\u00f3n, justo detr\u00e1s de las secadoras y los lavavajillas.<\/p>\n\n\n\n<p>Por lo tanto, la idea general de que los frigor\u00edficos son los electrodom\u00e9sticos que consumen m\u00e1s es, t\u00e9cnicamente, incorrecto.<\/p>\n\n\n\n<figure class=\"wp-block-image size-full\"><img decoding=\"async\" loading=\"lazy\" width=\"1024\" height=\"362\" src=\"https:\/\/www.mielectro.es\/blog\/wp-content\/uploads\/2024\/06\/Consumo-de-la-nevera.jpg\" alt=\"Consumo de la nevera\" class=\"wp-image-11329\" srcset=\"https:\/\/www.mielectro.es\/blog\/wp-content\/uploads\/2024\/06\/Consumo-de-la-nevera.jpg 1024w, https:\/\/www.mielectro.es\/blog\/wp-content\/uploads\/2024\/06\/Consumo-de-la-nevera-300x106.jpg 300w, https:\/\/www.mielectro.es\/blog\/wp-content\/uploads\/2024\/06\/Consumo-de-la-nevera-768x272.jpg 768w, https:\/\/www.mielectro.es\/blog\/wp-content\/uploads\/2024\/06\/Consumo-de-la-nevera-150x53.jpg 150w, https:\/\/www.mielectro.es\/blog\/wp-content\/uploads\/2024\/06\/Consumo-de-la-nevera-696x246.jpg 696w\" sizes=\"(max-width: 1024px) 100vw, 1024px\" \/><\/figure>\n\n\n\n<h3 class=\"wp-block-heading\"><span class=\"ez-toc-section\" id=\"Secadoras\"><\/span><strong>Secadoras<\/strong><span class=\"ez-toc-section-end\"><\/span><\/h3>\n\n\n\n<p>A diferencia de los anteriores electrodom\u00e9sticos, no todos los hogares cuentan con secadoras. Adem\u00e1s, aunque tuviesen a su disposici\u00f3n una, podr\u00edan no usarla en ciertas \u00e9pocas como verano, donde dejar la ropa secarse al sol es una opci\u00f3n barata y \u00fatil.<\/p>\n\n\n\n<p>Por lo tanto, el consumo anual puede variar, y mucho, en funci\u00f3n del uso y el hogar. Aun as\u00ed, si tomamos por ciertos los datos de la OCU y, consideramos un uso habitual de 4 veces a la semana, veremos un gasto <strong>mensual de 32 KW\/h<\/strong>. Por lo que, cerrar\u00edamos el <strong>a\u00f1o con 384 KW\/h<\/strong>.<\/p>\n\n\n\n<p>La secadora seria, por tanto, el electrodom\u00e9stico, que m\u00e1s consumir\u00eda de todos. Sin embargo, tal y como ya hemos mencionado, no todos los hogares disponen de una, ni tampoco todos los hogares la utilizan 4 veces a la semana. Adem\u00e1s, tambi\u00e9n existen modelos de <a href=\"https:\/\/www.mielectro.es\/secadoras-bajo-consumo-5862076\/\" target=\"_blank\" rel=\"noreferrer noopener\">secadoras de bajo consumo<\/a> que reducir\u00edan a\u00fan m\u00e1s el consumo.<\/p>\n\n\n\n<h3 class=\"wp-block-heading\"><span class=\"ez-toc-section\" id=\"Donde_encontrar_electrodomesticos_de_bajo_consumo\"><\/span><strong>D\u00f3nde encontrar electrodom\u00e9sticos de bajo consumo<\/strong><span class=\"ez-toc-section-end\"><\/span><\/h3>\n\n\n\n<p>Ahora que sabemos qu\u00e9 electrodom\u00e9sticos consumen m\u00e1s, podemos pensar en adquirir electrodom\u00e9sticos de bajo consumo para reducir el gasto lo m\u00e1ximo posible. Estos aparatos cuentan con tecnolog\u00edas integradas para hacerlos m\u00e1s eficientes, alargando as\u00ed su vida \u00fatil.<\/p>\n\n\n\n<p>En Mi Electro podr\u00e1s encontrar <a href=\"https:\/\/www.mielectro.es\/frigorificos-bajo-consumo-5860076\/\" target=\"_blank\" rel=\"noreferrer noopener\">frigor\u00edficos de bajo consumo<\/a>, para mantener tus alimentos frescos y en prefectas condiciones, al igual que lavadoras, secadoras y lavavajillas de bajo consumo para que puedas ahorrar m\u00e1s cada d\u00eda.<\/p>\n\n\n\n<p>Compra el tuyo hoy y, si vives cerca de una <a href=\"https:\/\/www.mielectro.es\/\" target=\"_blank\" rel=\"noreferrer noopener\">tienda Mi Electro<\/a>, lo recibir\u00e1s en menos de 24 horas en tu propio hogar. No tendr\u00e1s que preocuparte de nada, con un clic podr\u00e1s disfrutar de todas las funciones de tu nuevo electrodom\u00e9stico.<\/p>\n\n\n\n<figure class=\"wp-block-image size-full\"><a href=\"https:\/\/www.mielectro.es\/suscripcion-newsletter\/\"><img decoding=\"async\" loading=\"lazy\" width=\"1024\" height=\"269\" src=\"https:\/\/www.mielectro.es\/blog\/wp-content\/uploads\/2024\/06\/newsletter-blog-3.png\" alt=\"Suscr\u00edbete a nuestra newsletter\" class=\"wp-image-11327\" srcset=\"https:\/\/www.mielectro.es\/blog\/wp-content\/uploads\/2024\/06\/newsletter-blog-3.png 1024w, https:\/\/www.mielectro.es\/blog\/wp-content\/uploads\/2024\/06\/newsletter-blog-3-300x79.png 300w, https:\/\/www.mielectro.es\/blog\/wp-content\/uploads\/2024\/06\/newsletter-blog-3-768x202.png 768w, https:\/\/www.mielectro.es\/blog\/wp-content\/uploads\/2024\/06\/newsletter-blog-3-150x39.png 150w, https:\/\/www.mielectro.es\/blog\/wp-content\/uploads\/2024\/06\/newsletter-blog-3-696x183.png 696w\" sizes=\"(max-width: 1024px) 100vw, 1024px\" \/><\/a><\/figure>\n\n\n\n<p>Y recuerda, si quieres estar al d\u00eda de todas las noticas y ofertas en el mundo de los electrodom\u00e9sticos, te invitamos a consultar nuestra <a href=\"https:\/\/www.mielectro.es\/suscripcion-newsletter\/\" target=\"_blank\" rel=\"noreferrer noopener\">newsletter<\/a>. Si te suscribes, recibir\u00e1s en tu bandeja de entrada, todas las semanas, todas la informaci\u00f3n que necesitas saber. \u00bfA qu\u00e9 esperas? Ap\u00fantate ya.<\/p>\n","protected":false},"excerpt":{"rendered":"<p>Utilizamos electrodom\u00e9sticos durante todo el a\u00f1o. Estos, generan un impacto directo sobre nuestro bolsillo a trav\u00e9s de la factura de la luz. Sin embargo, durante verano, nuestros gastos aumentan en general y, por lo tanto, conocer qu\u00e9 electrodom\u00e9sticos consumen m\u00e1s, es muy importante. A continuaci\u00f3n, vamos a analizar el consumo de los electrodom\u00e9sticos de nuestros [&hellip;]<\/p>\n","protected":false},"author":1,"featured_media":11326,"comment_status":"open","ping_status":"open","sticky":false,"template":"","format":"standard","meta":{"tdm_status":"","tdm_grid_status":""},"categories":[247],"yoast_head":"<!-- This site is optimized with the Yoast SEO plugin v21.7 - https:\/\/yoast.com\/wordpress\/plugins\/seo\/ -->\n<title>Qu\u00e9 electrodom\u00e9sticos consumen m\u00e1s en verano<\/title>\n<meta name=\"description\" content=\"Se acerca el calor y ha llegado el momento de conocer la respuesta a la pregunta \u00bfQu\u00e9 electrodom\u00e9sticos consumen m\u00e1s? Entra e inf\u00f3rmate hoy.\" \/>\n<meta name=\"robots\" content=\"index, follow, max-snippet:-1, max-image-preview:large, max-video-preview:-1\" \/>\n<link rel=\"canonical\" href=\"https:\/\/www.mielectro.es\/blog\/hogar-estilo-vida\/que-electrodomesticos-consumen-mas-en-verano\/\" \/>\n<meta property=\"og:locale\" content=\"es_ES\" \/>\n<meta property=\"og:type\" content=\"article\" \/>\n<meta property=\"og:title\" content=\"Qu\u00e9 electrodom\u00e9sticos consumen m\u00e1s en verano\" \/>\n<meta property=\"og:description\" content=\"Se acerca el calor y ha llegado el momento de conocer la respuesta a la pregunta \u00bfQu\u00e9 electrodom\u00e9sticos consumen m\u00e1s? Entra e inf\u00f3rmate hoy.\" \/>\n<meta property=\"og:url\" content=\"https:\/\/www.mielectro.es\/blog\/hogar-estilo-vida\/que-electrodomesticos-consumen-mas-en-verano\/\" \/>\n<meta property=\"og:site_name\" content=\"Mi Electro News\" \/>\n<meta property=\"article:publisher\" content=\"https:\/\/www.facebook.com\/MiElectro.es\/\" \/>\n<meta property=\"article:published_time\" content=\"2024-06-28T13:51:51+00:00\" \/>\n<meta property=\"article:modified_time\" content=\"2024-10-14T10:24:23+00:00\" \/>\n<meta property=\"og:image\" content=\"https:\/\/www.mielectro.es\/blog\/wp-content\/uploads\/2024\/06\/Que-electrodomesticos-consumen-mas.jpg\" \/>\n\t<meta property=\"og:image:width\" content=\"1200\" \/>\n\t<meta property=\"og:image:height\" content=\"800\" \/>\n\t<meta property=\"og:image:type\" content=\"image\/jpeg\" \/>\n<meta name=\"author\" content=\"Experto Mi Electro\" \/>\n<meta name=\"twitter:card\" content=\"summary_large_image\" \/>\n<meta name=\"twitter:creator\" content=\"@Mi_Electro\" \/>\n<meta name=\"twitter:site\" content=\"@Mi_Electro\" \/>\n<meta name=\"twitter:label1\" content=\"Escrito por\" \/>\n\t<meta name=\"twitter:data1\" content=\"Experto Mi Electro\" \/>\n\t<meta name=\"twitter:label2\" content=\"Tiempo de lectura\" \/>\n\t<meta name=\"twitter:data2\" content=\"4 minutos\" \/>\n<script type=\"application\/ld+json\" class=\"yoast-schema-graph\">{\"@context\":\"https:\/\/schema.org\",\"@graph\":[{\"@type\":\"WebPage\",\"@id\":\"https:\/\/www.mielectro.es\/blog\/hogar-estilo-vida\/que-electrodomesticos-consumen-mas-en-verano\/\",\"url\":\"https:\/\/www.mielectro.es\/blog\/hogar-estilo-vida\/que-electrodomesticos-consumen-mas-en-verano\/\",\"name\":\"Qu\u00e9 electrodom\u00e9sticos consumen m\u00e1s en verano\",\"isPartOf\":{\"@id\":\"https:\/\/www.mielectro.es\/blog\/#website\"},\"datePublished\":\"2024-06-28T13:51:51+00:00\",\"dateModified\":\"2024-10-14T10:24:23+00:00\",\"author\":{\"@id\":\"https:\/\/www.mielectro.es\/blog\/#\/schema\/person\/67be7a180f08a173d0191ab4cf18bcb2\"},\"description\":\"Se acerca el calor y ha llegado el momento de conocer la respuesta a la pregunta \u00bfQu\u00e9 electrodom\u00e9sticos consumen m\u00e1s? Entra e inf\u00f3rmate hoy.\",\"breadcrumb\":{\"@id\":\"https:\/\/www.mielectro.es\/blog\/hogar-estilo-vida\/que-electrodomesticos-consumen-mas-en-verano\/#breadcrumb\"},\"inLanguage\":\"es\",\"potentialAction\":[{\"@type\":\"ReadAction\",\"target\":[\"https:\/\/www.mielectro.es\/blog\/hogar-estilo-vida\/que-electrodomesticos-consumen-mas-en-verano\/\"]}]},{\"@type\":\"BreadcrumbList\",\"@id\":\"https:\/\/www.mielectro.es\/blog\/hogar-estilo-vida\/que-electrodomesticos-consumen-mas-en-verano\/#breadcrumb\",\"itemListElement\":[{\"@type\":\"ListItem\",\"position\":1,\"name\":\"Home\",\"item\":\"https:\/\/www.mielectro.es\/blog\/\"},{\"@type\":\"ListItem\",\"position\":2,\"name\":\"Qu\u00e9 electrodom\u00e9sticos consumen m\u00e1s en verano\"}]},{\"@type\":\"WebSite\",\"@id\":\"https:\/\/www.mielectro.es\/blog\/#website\",\"url\":\"https:\/\/www.mielectro.es\/blog\/\",\"name\":\"Mi Electro\",\"description\":\"El blog de tu tienda de electrodom\u00e9sticos online\",\"potentialAction\":[{\"@type\":\"SearchAction\",\"target\":{\"@type\":\"EntryPoint\",\"urlTemplate\":\"https:\/\/www.mielectro.es\/blog\/?s={search_term_string}\"},\"query-input\":\"required name=search_term_string\"}],\"inLanguage\":\"es\"},{\"@type\":\"Person\",\"@id\":\"https:\/\/www.mielectro.es\/blog\/#\/schema\/person\/67be7a180f08a173d0191ab4cf18bcb2\",\"name\":\"Experto Mi Electro\",\"sameAs\":[\"https:\/\/www.mielectro.es\/blog\/\"]}]}<\/script>\n<!-- \/ Yoast SEO plugin. -->","yoast_head_json":{"title":"Qu\u00e9 electrodom\u00e9sticos consumen m\u00e1s en verano","description":"Se acerca el calor y ha llegado el momento de conocer la respuesta a la pregunta \u00bfQu\u00e9 electrodom\u00e9sticos consumen m\u00e1s? Entra e inf\u00f3rmate hoy.","robots":{"index":"index","follow":"follow","max-snippet":"max-snippet:-1","max-image-preview":"max-image-preview:large","max-video-preview":"max-video-preview:-1"},"canonical":"https:\/\/www.mielectro.es\/blog\/hogar-estilo-vida\/que-electrodomesticos-consumen-mas-en-verano\/","og_locale":"es_ES","og_type":"article","og_title":"Qu\u00e9 electrodom\u00e9sticos consumen m\u00e1s en verano","og_description":"Se acerca el calor y ha llegado el momento de conocer la respuesta a la pregunta \u00bfQu\u00e9 electrodom\u00e9sticos consumen m\u00e1s? Entra e inf\u00f3rmate hoy.","og_url":"https:\/\/www.mielectro.es\/blog\/hogar-estilo-vida\/que-electrodomesticos-consumen-mas-en-verano\/","og_site_name":"Mi Electro News","article_publisher":"https:\/\/www.facebook.com\/MiElectro.es\/","article_published_time":"2024-06-28T13:51:51+00:00","article_modified_time":"2024-10-14T10:24:23+00:00","og_image":[{"width":1200,"height":800,"url":"https:\/\/www.mielectro.es\/blog\/wp-content\/uploads\/2024\/06\/Que-electrodomesticos-consumen-mas.jpg","type":"image\/jpeg"}],"author":"Experto Mi Electro","twitter_card":"summary_large_image","twitter_creator":"@Mi_Electro","twitter_site":"@Mi_Electro","twitter_misc":{"Escrito por":"Experto Mi Electro","Tiempo de lectura":"4 minutos"},"schema":{"@context":"https:\/\/schema.org","@graph":[{"@type":"WebPage","@id":"https:\/\/www.mielectro.es\/blog\/hogar-estilo-vida\/que-electrodomesticos-consumen-mas-en-verano\/","url":"https:\/\/www.mielectro.es\/blog\/hogar-estilo-vida\/que-electrodomesticos-consumen-mas-en-verano\/","name":"Qu\u00e9 electrodom\u00e9sticos consumen m\u00e1s en verano","isPartOf":{"@id":"https:\/\/www.mielectro.es\/blog\/#website"},"datePublished":"2024-06-28T13:51:51+00:00","dateModified":"2024-10-14T10:24:23+00:00","author":{"@id":"https:\/\/www.mielectro.es\/blog\/#\/schema\/person\/67be7a180f08a173d0191ab4cf18bcb2"},"description":"Se acerca el calor y ha llegado el momento de conocer la respuesta a la pregunta \u00bfQu\u00e9 electrodom\u00e9sticos consumen m\u00e1s? Entra e inf\u00f3rmate hoy.","breadcrumb":{"@id":"https:\/\/www.mielectro.es\/blog\/hogar-estilo-vida\/que-electrodomesticos-consumen-mas-en-verano\/#breadcrumb"},"inLanguage":"es","potentialAction":[{"@type":"ReadAction","target":["https:\/\/www.mielectro.es\/blog\/hogar-estilo-vida\/que-electrodomesticos-consumen-mas-en-verano\/"]}]},{"@type":"BreadcrumbList","@id":"https:\/\/www.mielectro.es\/blog\/hogar-estilo-vida\/que-electrodomesticos-consumen-mas-en-verano\/#breadcrumb","itemListElement":[{"@type":"ListItem","position":1,"name":"Home","item":"https:\/\/www.mielectro.es\/blog\/"},{"@type":"ListItem","position":2,"name":"Qu\u00e9 electrodom\u00e9sticos consumen m\u00e1s en verano"}]},{"@type":"WebSite","@id":"https:\/\/www.mielectro.es\/blog\/#website","url":"https:\/\/www.mielectro.es\/blog\/","name":"Mi Electro","description":"El blog de tu tienda de electrodom\u00e9sticos online","potentialAction":[{"@type":"SearchAction","target":{"@type":"EntryPoint","urlTemplate":"https:\/\/www.mielectro.es\/blog\/?s={search_term_string}"},"query-input":"required name=search_term_string"}],"inLanguage":"es"},{"@type":"Person","@id":"https:\/\/www.mielectro.es\/blog\/#\/schema\/person\/67be7a180f08a173d0191ab4cf18bcb2","name":"Experto Mi Electro","sameAs":["https:\/\/www.mielectro.es\/blog\/"]}]}},"_links":{"self":[{"href":"https:\/\/www.mielectro.es\/blog\/wp-json\/wp\/v2\/posts\/11325"}],"collection":[{"href":"https:\/\/www.mielectro.es\/blog\/wp-json\/wp\/v2\/posts"}],"about":[{"href":"https:\/\/www.mielectro.es\/blog\/wp-json\/wp\/v2\/types\/post"}],"author":[{"embeddable":true,"href":"https:\/\/www.mielectro.es\/blog\/wp-json\/wp\/v2\/users\/1"}],"replies":[{"embeddable":true,"href":"https:\/\/www.mielectro.es\/blog\/wp-json\/wp\/v2\/comments?post=11325"}],"version-history":[{"count":3,"href":"https:\/\/www.mielectro.es\/blog\/wp-json\/wp\/v2\/posts\/11325\/revisions"}],"predecessor-version":[{"id":11716,"href":"https:\/\/www.mielectro.es\/blog\/wp-json\/wp\/v2\/posts\/11325\/revisions\/11716"}],"wp:featuredmedia":[{"embeddable":true,"href":"https:\/\/www.mielectro.es\/blog\/wp-json\/wp\/v2\/media\/11326"}],"wp:attachment":[{"href":"https:\/\/www.mielectro.es\/blog\/wp-json\/wp\/v2\/media?parent=11325"}],"wp:term":[{"taxonomy":"category","embeddable":true,"href":"https:\/\/www.mielectro.es\/blog\/wp-json\/wp\/v2\/categories?post=11325"}],"curies":[{"name":"wp","href":"https:\/\/api.w.org\/{rel}","templated":true}]}}