{"id":12693,"date":"2026-04-29T10:10:00","date_gmt":"2026-04-29T09:10:00","guid":{"rendered":"https:\/\/www.mielectro.es\/blog\/?p=12693"},"modified":"2026-04-29T09:14:32","modified_gmt":"2026-04-29T08:14:32","slug":"la-historia-de-la-television","status":"publish","type":"post","link":"https:\/\/www.mielectro.es\/blog\/television\/la-historia-de-la-television\/","title":{"rendered":"La evoluci\u00f3n de las Televisiones"},"content":{"rendered":"\n<p>En este art\u00edculo veremos la <strong>historia de la televisi\u00f3n<\/strong>, desde sus inicios hasta la actualidad. Ya que, al ser uno de los aparatos que m\u00e1s se utilizan en el d\u00eda a d\u00eda, tienen una gran y amplia historia por conocer.<\/p>\n\n\n\n<p>Remont\u00e1ndonos a <strong>1884<\/strong>, el ingeniero alem\u00e1n <strong>Paul Nipkow<\/strong>, invent\u00f3 un dispositivo mec\u00e1nico capaz de <strong>\u201cexplorar\u201d<\/strong> una imagen. Conocido como&nbsp;<strong>disco de Nipkow<\/strong>, el aparato se basaba en un disco met\u00e1lico con una serie de agujeros cuadrangulares dispuestos en espiral. Al girar, cada agujero recib\u00eda una parte de la luz reflejada por la escena que estaba siendo <strong>\u201cfilmada\u201d<\/strong>. Se trata del primer dispositivo capaz de convertir una imagen en una serie de impulsos el\u00e9ctricos que, en <strong>1927<\/strong>, servir\u00eda de base para los comienzos de la&nbsp;televisi\u00f3n electromec\u00e1nica.<\/p>\n\n\n\n<p style=\"font-size:26px\"><strong>Era mec\u00e1nica (1920-1930)<\/strong><\/p>\n\n\n<div class=\"wp-block-image\">\n<figure class=\"aligncenter size-full is-resized\"><img decoding=\"async\" loading=\"lazy\" src=\"https:\/\/www.mielectro.es\/blog\/wp-content\/uploads\/2026\/04\/image-Photoroom-14-1-e1776928118466.png\" alt=\"\" class=\"wp-image-12700\" width=\"163\" height=\"97\" srcset=\"https:\/\/www.mielectro.es\/blog\/wp-content\/uploads\/2026\/04\/image-Photoroom-14-1-e1776928118466.png 604w, https:\/\/www.mielectro.es\/blog\/wp-content\/uploads\/2026\/04\/image-Photoroom-14-1-e1776928118466-300x179.png 300w, https:\/\/www.mielectro.es\/blog\/wp-content\/uploads\/2026\/04\/image-Photoroom-14-1-e1776928118466-150x90.png 150w\" sizes=\"(max-width: 163px) 100vw, 163px\" \/><figcaption class=\"wp-element-caption\"><strong>Televisi\u00f3n de los a\u00f1os 20<\/strong><\/figcaption><\/figure><\/div>\n\n\n<p>En <strong>1925<\/strong>, se present\u00f3 el <strong>primer modelo semimec\u00e1nico<\/strong> de televisi\u00f3n, por <strong>John Logie Baird.<\/strong> Siendo estos, <strong>dispositivos grandes con pantallas muy peque\u00f1as<\/strong> que usaban el <strong>disco de Nipkow<\/strong> para proyectar im\u00e1genes rudimentarias. La <strong>primera demostraci\u00f3n p\u00fablica<\/strong> fue en ese mismo a\u00f1o, usando la cabeza de un mu\u00f1eco de ventr\u00edlocuo llamado<strong> \u00abStooky Bill\u00bb<\/strong>.<\/p>\n\n\n\n<p>Las <strong>pantallas eran diminutas<\/strong>, casi del tama\u00f1o de una estampilla, para ver algo, ten\u00edas que usar <strong>una lupa<\/strong> que ven\u00eda integrada en el mueble.<\/p>\n\n\n\n<p>En estas \u00e9pocas, el televisor no era un<strong> \u00abaparato electr\u00f3nico\u00bb <\/strong>colgado en la pared; era un <strong>mueble de madera masivo <\/strong>que presid\u00eda la sala.<\/p>\n\n\n\n<p style=\"font-size:26px\"><strong>Adopci\u00f3n del CRT (1930-1950):<\/strong><\/p>\n\n\n<div class=\"wp-block-image\">\n<figure class=\"aligncenter size-large is-resized\"><img decoding=\"async\" loading=\"lazy\" src=\"https:\/\/www.mielectro.es\/blog\/wp-content\/uploads\/2026\/04\/image-Photoroom-15-compressed-e1776937105787-1024x604.jpg\" alt=\"\" class=\"wp-image-12719\" width=\"168\" height=\"99\" srcset=\"https:\/\/www.mielectro.es\/blog\/wp-content\/uploads\/2026\/04\/image-Photoroom-15-compressed-e1776937105787-1024x604.jpg 1024w, https:\/\/www.mielectro.es\/blog\/wp-content\/uploads\/2026\/04\/image-Photoroom-15-compressed-e1776937105787-300x177.jpg 300w, https:\/\/www.mielectro.es\/blog\/wp-content\/uploads\/2026\/04\/image-Photoroom-15-compressed-e1776937105787-768x453.jpg 768w, https:\/\/www.mielectro.es\/blog\/wp-content\/uploads\/2026\/04\/image-Photoroom-15-compressed-e1776937105787-150x88.jpg 150w, https:\/\/www.mielectro.es\/blog\/wp-content\/uploads\/2026\/04\/image-Photoroom-15-compressed-e1776937105787-696x410.jpg 696w, https:\/\/www.mielectro.es\/blog\/wp-content\/uploads\/2026\/04\/image-Photoroom-15-compressed-e1776937105787-1068x629.jpg 1068w, https:\/\/www.mielectro.es\/blog\/wp-content\/uploads\/2026\/04\/image-Photoroom-15-compressed-e1776937105787-713x420.jpg 713w, https:\/\/www.mielectro.es\/blog\/wp-content\/uploads\/2026\/04\/image-Photoroom-15-compressed-e1776937105787.jpg 1359w\" sizes=\"(max-width: 168px) 100vw, 168px\" \/><figcaption class=\"wp-element-caption\"><strong>Televisi\u00f3n de los a\u00f1os 40<\/strong><\/figcaption><\/figure><\/div>\n\n\n<p>En aquella \u00e9poca, se populariz\u00f3 el <strong>tubo de rayos cat\u00f3dicos (CRT)<\/strong>, permitiendo que la televisi\u00f3n sea totalmente electr\u00f3nica. Tras la Segunda Guerra Mundial, se convirtieron en el <strong>centro del hogar<\/strong>, dise\u00f1ados como <strong>muebles de madera pesados y robustos<\/strong>.<\/p>\n\n\n\n<p>As\u00ed funcionaba la<strong> \u00abmagia\u00bb<\/strong> dentro de esas cajas pesadas:<\/p>\n\n\n\n<ul>\n<li><strong>Ca\u00f1\u00f3n de electrones<\/strong>: En el fondo de la tele hab\u00eda un ca\u00f1\u00f3n que disparaba rayos de electrones hacia la pantalla.<\/li>\n\n\n\n<li><strong>F\u00f3sforo<\/strong>: El interior de la pantalla estaba recubierto de f\u00f3sforo. Cuando los electrones chocaban contra \u00e9l, el f\u00f3sforo brillaba moment\u00e1neamente.<\/li>\n\n\n\n<li><strong>Escaneo de l\u00edneas<\/strong>: El rayo no iluminaba todo a la vez, sino que<strong> \u00abdibujaba\u00bb<\/strong> la imagen l\u00ednea por l\u00ednea, de izquierda a derecha, tan r\u00e1pido (50 o 60 veces por segundo) que tu<strong> ojo cre\u00eda ver una imagen fija<\/strong>.<\/li>\n<\/ul>\n\n\n\n<p style=\"font-size:26px\"><strong>Llegada del color (1950-1970):<\/strong><\/p>\n\n\n<div class=\"wp-block-image\">\n<figure class=\"aligncenter size-full is-resized\"><img decoding=\"async\" loading=\"lazy\" src=\"https:\/\/www.mielectro.es\/blog\/wp-content\/uploads\/2026\/04\/image-Photoroom-16-e1776928650313.png\" alt=\"\" class=\"wp-image-12702\" width=\"148\" height=\"133\" srcset=\"https:\/\/www.mielectro.es\/blog\/wp-content\/uploads\/2026\/04\/image-Photoroom-16-e1776928650313.png 229w, https:\/\/www.mielectro.es\/blog\/wp-content\/uploads\/2026\/04\/image-Photoroom-16-e1776928650313-150x135.png 150w\" sizes=\"(max-width: 148px) 100vw, 148px\" \/><figcaption class=\"wp-element-caption\"><strong>Televisi\u00f3n de los a\u00f1os 60<\/strong><\/figcaption><\/figure><\/div>\n\n\n<p>Aunque <strong>las pruebas empezaron antes<\/strong>, la televisi\u00f3n a color se estandariz\u00f3 en los a\u00f1os 60, cambiando radicalmente la experiencia visual. Se a\u00f1adieron<strong> tres ca\u00f1ones (rojo, verde y azul)<\/strong> en el interior, haciendo as\u00ed que aparezca el color.<\/p>\n\n\n\n<p>En <strong>1940<\/strong>, Guillermo Gonz\u00e1lez Camarena, invent\u00f3 el&nbsp;<strong>Sistema Tricrom\u00e1tico Secuencial de Campos (STSC)<\/strong>. Su dise\u00f1o utilizaba un disco giratorio con filtros <strong>RGB <\/strong>sincronizado entre la c\u00e1mara y el televisor para crear <strong>la ilusi\u00f3n de color<\/strong>. En&nbsp;<strong>1963<\/strong>, realiz\u00f3 la primera transmisi\u00f3n oficial a color en M\u00e9xico.<\/p>\n\n\n\n<p style=\"font-size:26px\"><strong>Era de la digitalizaci\u00f3n y pantallas planas (1990-2011):<\/strong><\/p>\n\n\n<div class=\"wp-block-image\">\n<figure class=\"aligncenter size-full is-resized\"><img decoding=\"async\" loading=\"lazy\" src=\"https:\/\/www.mielectro.es\/blog\/wp-content\/uploads\/2026\/04\/image-Photoroom-17-e1776928825475.png\" alt=\"\" class=\"wp-image-12703\" width=\"124\" height=\"148\" srcset=\"https:\/\/www.mielectro.es\/blog\/wp-content\/uploads\/2026\/04\/image-Photoroom-17-e1776928825475.png 203w, https:\/\/www.mielectro.es\/blog\/wp-content\/uploads\/2026\/04\/image-Photoroom-17-e1776928825475-150x180.png 150w\" sizes=\"(max-width: 124px) 100vw, 124px\" \/><figcaption class=\"wp-element-caption\"><strong>Televisi\u00f3n de los a\u00f1os 90<\/strong><\/figcaption><\/figure><\/div>\n\n\n<p>En la televisi\u00f3n de aquella \u00e9poca, los voluminosos tubos de CRT fueron reemplazados por tecnolog\u00edas como el plasma y el <strong>LCD (Liquid Cristal Display).<\/strong> En <strong>2011<\/strong>, surgieron los <strong>Smart TVs,<\/strong> integrando conexi\u00f3n a internet y aplicaciones.<\/p>\n\n\n\n<p>Hasta finales de los 90, <strong>el CRT era el rey.<\/strong> El problema era que, para una pantalla m\u00e1s grande necesitabas un tubo profundo y por eso eran tan pesados.<\/p>\n\n\n\n<ul>\n<li><strong>Plasma<\/strong>: Fue el primer <strong>intento serio de pantallas planas. <\/strong>Usaban peque\u00f1as celdas de gas que se convert\u00edan en plasma al recibir electricidad. Ten\u00edan <strong>negros incre\u00edbles<\/strong>, pero consum\u00edan <strong>mucha luz y daban mucho calor.<\/strong><\/li>\n\n\n\n<li><strong>LCD (Pantalla de cristal l\u00edquido): <\/strong>Gan\u00f3 la batalla por ser <strong>m\u00e1s barato y eficiente<\/strong>. Usa una fuente de luz trasera (como una l\u00e1mpara) que pasa a trav\u00e9s de p\u00edxeles de cristal l\u00edquido que se abren o cierran.<\/li>\n<\/ul>\n\n\n\n<p style=\"font-size:26px\"><strong>Alta definici\u00f3n y \u00faltima generaci\u00f3n (Presente): <\/strong><\/p>\n\n\n<div class=\"wp-block-image\">\n<figure class=\"aligncenter size-full is-resized\"><img decoding=\"async\" loading=\"lazy\" src=\"https:\/\/www.mielectro.es\/blog\/wp-content\/uploads\/2026\/04\/tv-samsung-75quot-tq75qn73f-uhd-neoqled-smarttv-120hz-photoroom_optimized-e1776765457930.png\" alt=\"\" class=\"wp-image-12660\" width=\"184\" height=\"117\" srcset=\"https:\/\/www.mielectro.es\/blog\/wp-content\/uploads\/2026\/04\/tv-samsung-75quot-tq75qn73f-uhd-neoqled-smarttv-120hz-photoroom_optimized-e1776765457930.png 291w, https:\/\/www.mielectro.es\/blog\/wp-content\/uploads\/2026\/04\/tv-samsung-75quot-tq75qn73f-uhd-neoqled-smarttv-120hz-photoroom_optimized-e1776765457930-150x95.png 150w\" sizes=\"(max-width: 184px) 100vw, 184px\" \/><figcaption class=\"wp-element-caption\"><strong>Televisi\u00f3n Samsung Neo QLED<\/strong><\/figcaption><\/figure><\/div>\n\n\n<p>Actualmente en la televisi\u00f3n, dominan los paneles <strong>OLED <\/strong>(diodos org\u00e1nicos) y el <strong>QLED<\/strong>. La resoluci\u00f3n ha saltado <strong>del Full HD al 4K y 8K,<\/strong> ofreciendo niveles de nitidez antes impensables con <strong>millones de p\u00edxeles e inteligencia artificial<\/strong> para mejorar la imagen.<\/p>\n\n\n\n<p>Hoy en d\u00eda el hardware es casi perfecto, as\u00ed que la evoluci\u00f3n est\u00e1 en el software:<\/p>\n\n\n\n<ul>\n<li><strong>Escalado por IA:<\/strong> Como casi nada est\u00e1 grabado en 8k, el televisor <strong>\u00abse inventa\u00bb<\/strong> los p\u00edxeles que faltan usando algoritmos para que un v\u00eddeo viejo o una imagen vieja se vean n\u00edtidos.<\/li>\n\n\n\n<li><strong>Ciclos de vida extendidos: <\/strong>Las grandes marcas han empezado a ofrecer entre <strong>5 y 7 a\u00f1os de actualizaciones de sistema operativo<\/strong> para evitar que las aplicaciones como, Netflix o YouTube, queden obsoletas r\u00e1pidamente.<\/li>\n<\/ul>\n\n\n\n<p>La televisi\u00f3n es fundamental para nuestro d\u00eda a d\u00eda, por eso en <a href=\"https:\/\/www.mielectro.es\/?campaign=brand&amp;gad_source=1&amp;gad_campaignid=8159692497&amp;gbraid=0AAAAADP8vcQNZrAtUL7G7qFdpfiNPY85Y&amp;gclid=CjwKCAjwhqfPBhBWEiwAZo196g0hxhoMz1xd_mHwZI0LWMnOacuoLU10X5i-eUJlz1sEo0L9V9CVVxoCqrEQAvD_BwE\"><strong>nuestra web<\/strong><\/a>, puedes encontrar todas las opciones y as\u00ed elegir cu\u00e1l se adapte m\u00e1s a tus necesidades.<\/p>\n","protected":false},"excerpt":{"rendered":"<p>En este art\u00edculo veremos la historia de la televisi\u00f3n, desde sus inicios hasta la actualidad. Ya que, al ser uno de los aparatos que m\u00e1s se utilizan en el d\u00eda a d\u00eda, tienen una gran y amplia historia por conocer. Remont\u00e1ndonos a 1884, el ingeniero alem\u00e1n Paul Nipkow, invent\u00f3 un dispositivo mec\u00e1nico capaz de \u201cexplorar\u201d [&hellip;]<\/p>\n","protected":false},"author":1,"featured_media":12707,"comment_status":"open","ping_status":"open","sticky":false,"template":"","format":"standard","meta":{"tdm_status":"","tdm_grid_status":""},"categories":[249,497],"yoast_head":"<!-- This site is optimized with the Yoast SEO plugin v21.7 - https:\/\/yoast.com\/wordpress\/plugins\/seo\/ -->\n<title>La televisi\u00f3n, su historia a detalle | Mi Electro News<\/title>\n<meta name=\"description\" content=\"Mi Electro News | Conoce la historia del aparato electr\u00f3nico m\u00e1s usado en todas las casas, la televisi\u00f3n | \u00a1Con Mi Electro!\" \/>\n<meta name=\"robots\" content=\"index, follow, max-snippet:-1, max-image-preview:large, max-video-preview:-1\" \/>\n<link rel=\"canonical\" href=\"https:\/\/www.mielectro.es\/blog\/television\/la-historia-de-la-television\/\" \/>\n<meta property=\"og:locale\" content=\"es_ES\" \/>\n<meta property=\"og:type\" content=\"article\" \/>\n<meta property=\"og:title\" content=\"La televisi\u00f3n, su historia a detalle | Mi Electro News\" \/>\n<meta property=\"og:description\" content=\"Mi Electro News | Conoce la historia del aparato electr\u00f3nico m\u00e1s usado en todas las casas, la televisi\u00f3n | \u00a1Con Mi Electro!\" \/>\n<meta property=\"og:url\" content=\"https:\/\/www.mielectro.es\/blog\/television\/la-historia-de-la-television\/\" \/>\n<meta property=\"og:site_name\" content=\"Mi Electro News\" \/>\n<meta property=\"article:publisher\" content=\"https:\/\/www.facebook.com\/MiElectro.es\/\" \/>\n<meta property=\"article:published_time\" content=\"2026-04-29T09:10:00+00:00\" \/>\n<meta property=\"article:modified_time\" content=\"2026-04-29T08:14:32+00:00\" \/>\n<meta property=\"og:image\" content=\"https:\/\/www.mielectro.es\/blog\/wp-content\/uploads\/2026\/04\/image-Photoroom-18-1-1-compressed-1-e1776929609594.jpg\" \/>\n\t<meta property=\"og:image:width\" content=\"1280\" \/>\n\t<meta property=\"og:image:height\" content=\"784\" \/>\n\t<meta property=\"og:image:type\" content=\"image\/jpeg\" \/>\n<meta name=\"author\" content=\"Experto Mi Electro\" \/>\n<meta name=\"twitter:card\" content=\"summary_large_image\" \/>\n<meta name=\"twitter:creator\" content=\"@Mi_Electro\" \/>\n<meta name=\"twitter:site\" content=\"@Mi_Electro\" \/>\n<meta name=\"twitter:label1\" content=\"Escrito por\" \/>\n\t<meta name=\"twitter:data1\" content=\"Experto Mi Electro\" \/>\n\t<meta name=\"twitter:label2\" content=\"Tiempo de lectura\" \/>\n\t<meta name=\"twitter:data2\" content=\"4 minutos\" \/>\n<script type=\"application\/ld+json\" class=\"yoast-schema-graph\">{\"@context\":\"https:\/\/schema.org\",\"@graph\":[{\"@type\":\"WebPage\",\"@id\":\"https:\/\/www.mielectro.es\/blog\/television\/la-historia-de-la-television\/\",\"url\":\"https:\/\/www.mielectro.es\/blog\/television\/la-historia-de-la-television\/\",\"name\":\"La televisi\u00f3n, su historia a detalle | Mi Electro News\",\"isPartOf\":{\"@id\":\"https:\/\/www.mielectro.es\/blog\/#website\"},\"datePublished\":\"2026-04-29T09:10:00+00:00\",\"dateModified\":\"2026-04-29T08:14:32+00:00\",\"author\":{\"@id\":\"https:\/\/www.mielectro.es\/blog\/#\/schema\/person\/67be7a180f08a173d0191ab4cf18bcb2\"},\"description\":\"Mi Electro News | Conoce la historia del aparato electr\u00f3nico m\u00e1s usado en todas las casas, la televisi\u00f3n | \u00a1Con Mi Electro!\",\"breadcrumb\":{\"@id\":\"https:\/\/www.mielectro.es\/blog\/television\/la-historia-de-la-television\/#breadcrumb\"},\"inLanguage\":\"es\",\"potentialAction\":[{\"@type\":\"ReadAction\",\"target\":[\"https:\/\/www.mielectro.es\/blog\/television\/la-historia-de-la-television\/\"]}]},{\"@type\":\"BreadcrumbList\",\"@id\":\"https:\/\/www.mielectro.es\/blog\/television\/la-historia-de-la-television\/#breadcrumb\",\"itemListElement\":[{\"@type\":\"ListItem\",\"position\":1,\"name\":\"Home\",\"item\":\"https:\/\/www.mielectro.es\/blog\/\"},{\"@type\":\"ListItem\",\"position\":2,\"name\":\"La evoluci\u00f3n de las Televisiones\"}]},{\"@type\":\"WebSite\",\"@id\":\"https:\/\/www.mielectro.es\/blog\/#website\",\"url\":\"https:\/\/www.mielectro.es\/blog\/\",\"name\":\"Mi Electro\",\"description\":\"El blog de tu tienda de electrodom\u00e9sticos online\",\"potentialAction\":[{\"@type\":\"SearchAction\",\"target\":{\"@type\":\"EntryPoint\",\"urlTemplate\":\"https:\/\/www.mielectro.es\/blog\/?s={search_term_string}\"},\"query-input\":\"required name=search_term_string\"}],\"inLanguage\":\"es\"},{\"@type\":\"Person\",\"@id\":\"https:\/\/www.mielectro.es\/blog\/#\/schema\/person\/67be7a180f08a173d0191ab4cf18bcb2\",\"name\":\"Experto Mi Electro\",\"sameAs\":[\"https:\/\/www.mielectro.es\/blog\/\"]}]}<\/script>\n<!-- \/ Yoast SEO plugin. -->","yoast_head_json":{"title":"La televisi\u00f3n, su historia a detalle | Mi Electro News","description":"Mi Electro News | Conoce la historia del aparato electr\u00f3nico m\u00e1s usado en todas las casas, la televisi\u00f3n | \u00a1Con Mi Electro!","robots":{"index":"index","follow":"follow","max-snippet":"max-snippet:-1","max-image-preview":"max-image-preview:large","max-video-preview":"max-video-preview:-1"},"canonical":"https:\/\/www.mielectro.es\/blog\/television\/la-historia-de-la-television\/","og_locale":"es_ES","og_type":"article","og_title":"La televisi\u00f3n, su historia a detalle | Mi Electro News","og_description":"Mi Electro News | Conoce la historia del aparato electr\u00f3nico m\u00e1s usado en todas las casas, la televisi\u00f3n | \u00a1Con Mi Electro!","og_url":"https:\/\/www.mielectro.es\/blog\/television\/la-historia-de-la-television\/","og_site_name":"Mi Electro News","article_publisher":"https:\/\/www.facebook.com\/MiElectro.es\/","article_published_time":"2026-04-29T09:10:00+00:00","article_modified_time":"2026-04-29T08:14:32+00:00","og_image":[{"width":1280,"height":784,"url":"https:\/\/www.mielectro.es\/blog\/wp-content\/uploads\/2026\/04\/image-Photoroom-18-1-1-compressed-1-e1776929609594.jpg","type":"image\/jpeg"}],"author":"Experto Mi Electro","twitter_card":"summary_large_image","twitter_creator":"@Mi_Electro","twitter_site":"@Mi_Electro","twitter_misc":{"Escrito por":"Experto Mi Electro","Tiempo de lectura":"4 minutos"},"schema":{"@context":"https:\/\/schema.org","@graph":[{"@type":"WebPage","@id":"https:\/\/www.mielectro.es\/blog\/television\/la-historia-de-la-television\/","url":"https:\/\/www.mielectro.es\/blog\/television\/la-historia-de-la-television\/","name":"La televisi\u00f3n, su historia a detalle | Mi Electro News","isPartOf":{"@id":"https:\/\/www.mielectro.es\/blog\/#website"},"datePublished":"2026-04-29T09:10:00+00:00","dateModified":"2026-04-29T08:14:32+00:00","author":{"@id":"https:\/\/www.mielectro.es\/blog\/#\/schema\/person\/67be7a180f08a173d0191ab4cf18bcb2"},"description":"Mi Electro News | Conoce la historia del aparato electr\u00f3nico m\u00e1s usado en todas las casas, la televisi\u00f3n | \u00a1Con Mi Electro!","breadcrumb":{"@id":"https:\/\/www.mielectro.es\/blog\/television\/la-historia-de-la-television\/#breadcrumb"},"inLanguage":"es","potentialAction":[{"@type":"ReadAction","target":["https:\/\/www.mielectro.es\/blog\/television\/la-historia-de-la-television\/"]}]},{"@type":"BreadcrumbList","@id":"https:\/\/www.mielectro.es\/blog\/television\/la-historia-de-la-television\/#breadcrumb","itemListElement":[{"@type":"ListItem","position":1,"name":"Home","item":"https:\/\/www.mielectro.es\/blog\/"},{"@type":"ListItem","position":2,"name":"La evoluci\u00f3n de las Televisiones"}]},{"@type":"WebSite","@id":"https:\/\/www.mielectro.es\/blog\/#website","url":"https:\/\/www.mielectro.es\/blog\/","name":"Mi Electro","description":"El blog de tu tienda de electrodom\u00e9sticos online","potentialAction":[{"@type":"SearchAction","target":{"@type":"EntryPoint","urlTemplate":"https:\/\/www.mielectro.es\/blog\/?s={search_term_string}"},"query-input":"required name=search_term_string"}],"inLanguage":"es"},{"@type":"Person","@id":"https:\/\/www.mielectro.es\/blog\/#\/schema\/person\/67be7a180f08a173d0191ab4cf18bcb2","name":"Experto Mi Electro","sameAs":["https:\/\/www.mielectro.es\/blog\/"]}]}},"_links":{"self":[{"href":"https:\/\/www.mielectro.es\/blog\/wp-json\/wp\/v2\/posts\/12693"}],"collection":[{"href":"https:\/\/www.mielectro.es\/blog\/wp-json\/wp\/v2\/posts"}],"about":[{"href":"https:\/\/www.mielectro.es\/blog\/wp-json\/wp\/v2\/types\/post"}],"author":[{"embeddable":true,"href":"https:\/\/www.mielectro.es\/blog\/wp-json\/wp\/v2\/users\/1"}],"replies":[{"embeddable":true,"href":"https:\/\/www.mielectro.es\/blog\/wp-json\/wp\/v2\/comments?post=12693"}],"version-history":[{"count":32,"href":"https:\/\/www.mielectro.es\/blog\/wp-json\/wp\/v2\/posts\/12693\/revisions"}],"predecessor-version":[{"id":12773,"href":"https:\/\/www.mielectro.es\/blog\/wp-json\/wp\/v2\/posts\/12693\/revisions\/12773"}],"wp:featuredmedia":[{"embeddable":true,"href":"https:\/\/www.mielectro.es\/blog\/wp-json\/wp\/v2\/media\/12707"}],"wp:attachment":[{"href":"https:\/\/www.mielectro.es\/blog\/wp-json\/wp\/v2\/media?parent=12693"}],"wp:term":[{"taxonomy":"category","embeddable":true,"href":"https:\/\/www.mielectro.es\/blog\/wp-json\/wp\/v2\/categories?post=12693"}],"curies":[{"name":"wp","href":"https:\/\/api.w.org\/{rel}","templated":true}]}}