{"id":6489,"date":"2021-02-18T09:30:00","date_gmt":"2021-02-18T08:30:00","guid":{"rendered":"https:\/\/www.mielectro.es\/blog\/?p=6489"},"modified":"2024-09-11T16:21:13","modified_gmt":"2024-09-11T15:21:13","slug":"frigorifico-no-enfria-pero-si-congela","status":"publish","type":"post","link":"https:\/\/www.mielectro.es\/blog\/noticias-tendencias\/frigorifico-no-enfria-pero-si-congela\/","title":{"rendered":"Mi frigor\u00edfico no enfr\u00eda, pero s\u00ed congela: \u00bfQu\u00e9 sucede?"},"content":{"rendered":"<div id=\"ez-toc-container\" class=\"ez-toc-v2_0_80 counter-hierarchy ez-toc-counter ez-toc-grey ez-toc-container-direction\">\n<p class=\"ez-toc-title\" style=\"cursor:inherit\">\u00bfQu\u00e9 vas a encontrar en este post?<\/p>\n<label for=\"ez-toc-cssicon-toggle-item-69f762263ca55\" class=\"ez-toc-cssicon-toggle-label\"><span class=\"\"><span class=\"eztoc-hide\" style=\"display:none;\">Toggle<\/span><span class=\"ez-toc-icon-toggle-span\"><svg style=\"fill: #999;color:#999\" xmlns=\"http:\/\/www.w3.org\/2000\/svg\" class=\"list-377408\" width=\"20px\" height=\"20px\" viewBox=\"0 0 24 24\" fill=\"none\"><path d=\"M6 6H4v2h2V6zm14 0H8v2h12V6zM4 11h2v2H4v-2zm16 0H8v2h12v-2zM4 16h2v2H4v-2zm16 0H8v2h12v-2z\" fill=\"currentColor\"><\/path><\/svg><svg style=\"fill: #999;color:#999\" class=\"arrow-unsorted-368013\" xmlns=\"http:\/\/www.w3.org\/2000\/svg\" width=\"10px\" height=\"10px\" viewBox=\"0 0 24 24\" version=\"1.2\" baseProfile=\"tiny\"><path d=\"M18.2 9.3l-6.2-6.3-6.2 6.3c-.2.2-.3.4-.3.7s.1.5.3.7c.2.2.4.3.7.3h11c.3 0 .5-.1.7-.3.2-.2.3-.5.3-.7s-.1-.5-.3-.7zM5.8 14.7l6.2 6.3 6.2-6.3c.2-.2.3-.5.3-.7s-.1-.5-.3-.7c-.2-.2-.4-.3-.7-.3h-11c-.3 0-.5.1-.7.3-.2.2-.3.5-.3.7s.1.5.3.7z\"\/><\/svg><\/span><\/span><\/label><input type=\"checkbox\"  id=\"ez-toc-cssicon-toggle-item-69f762263ca55\"  aria-label=\"Alternar\" \/><nav><ul class='ez-toc-list ez-toc-list-level-1 ' ><li class='ez-toc-page-1 ez-toc-heading-level-2'><a class=\"ez-toc-link ez-toc-heading-1\" href=\"https:\/\/www.mielectro.es\/blog\/noticias-tendencias\/frigorifico-no-enfria-pero-si-congela\/#%C2%BFTu_frigorifico_no_enfria_pero_si_congela\" >\u00bfTu frigor\u00edfico no enfr\u00eda, pero s\u00ed congela?<\/a><ul class='ez-toc-list-level-3' ><li class='ez-toc-heading-level-3'><a class=\"ez-toc-link ez-toc-heading-2\" href=\"https:\/\/www.mielectro.es\/blog\/noticias-tendencias\/frigorifico-no-enfria-pero-si-congela\/#Frigorificos_No_Frost\" >Frigor\u00edficos No Frost<\/a><\/li><li class='ez-toc-page-1 ez-toc-heading-level-3'><a class=\"ez-toc-link ez-toc-heading-3\" href=\"https:\/\/www.mielectro.es\/blog\/noticias-tendencias\/frigorifico-no-enfria-pero-si-congela\/#Otros_frigorificos\" >Otros frigor\u00edficos<\/a><\/li><\/ul><\/li><li class='ez-toc-page-1 ez-toc-heading-level-2'><a class=\"ez-toc-link ez-toc-heading-4\" href=\"https:\/\/www.mielectro.es\/blog\/noticias-tendencias\/frigorifico-no-enfria-pero-si-congela\/#Tu_frigorifico_no_enfria_y_tampoco_congela\" >Tu frigor\u00edfico no enfr\u00eda y tampoco congela<\/a><ul class='ez-toc-list-level-3' ><li class='ez-toc-heading-level-3'><a class=\"ez-toc-link ez-toc-heading-5\" href=\"https:\/\/www.mielectro.es\/blog\/noticias-tendencias\/frigorifico-no-enfria-pero-si-congela\/#Comprueba_los_fusibles_y_enchufe\" >Comprueba los fusibles y enchufe<\/a><\/li><li class='ez-toc-page-1 ez-toc-heading-level-3'><a class=\"ez-toc-link ez-toc-heading-6\" href=\"https:\/\/www.mielectro.es\/blog\/noticias-tendencias\/frigorifico-no-enfria-pero-si-congela\/#El_cable_de_la_corriente_de_tu_frigorifico\" >El cable de la corriente de tu frigor\u00edfico<\/a><\/li><li class='ez-toc-page-1 ez-toc-heading-level-3'><a class=\"ez-toc-link ez-toc-heading-7\" href=\"https:\/\/www.mielectro.es\/blog\/noticias-tendencias\/frigorifico-no-enfria-pero-si-congela\/#Problemas_con_la_puerta\" >Problemas con la puerta<\/a><\/li><li class='ez-toc-page-1 ez-toc-heading-level-3'><a class=\"ez-toc-link ez-toc-heading-8\" href=\"https:\/\/www.mielectro.es\/blog\/noticias-tendencias\/frigorifico-no-enfria-pero-si-congela\/#La_nevera_esta_muy_llena\" >La nevera est\u00e1 muy llena<\/a><\/li><\/ul><\/li><li class='ez-toc-page-1 ez-toc-heading-level-2'><a class=\"ez-toc-link ez-toc-heading-9\" href=\"https:\/\/www.mielectro.es\/blog\/noticias-tendencias\/frigorifico-no-enfria-pero-si-congela\/#Recomendaciones_para_que_tu_frigorifico_este_siempre_a_punto\" >Recomendaciones para que tu frigor\u00edfico est\u00e9 siempre a punto<\/a><\/li><li class='ez-toc-page-1 ez-toc-heading-level-2'><a class=\"ez-toc-link ez-toc-heading-10\" href=\"https:\/\/www.mielectro.es\/blog\/noticias-tendencias\/frigorifico-no-enfria-pero-si-congela\/#%C2%BFHora_de_renovar_tu_nevera\" >\u00bfHora de renovar tu nevera?<\/a><\/li><\/ul><\/nav><\/div>\n\n<p>Sin duda el frigor\u00edfico es el electrodom\u00e9stico que m\u00e1s tiempo pasa enchufado, por eso es normal que sea al que m\u00e1s problemas le puedan surgir y entre ellos, uno de los m\u00e1s comunes es que <strong>el frigor\u00edfico no enfr\u00eda, pero s\u00ed congela<\/strong>.<\/p>\n\n\n\n<p style=\"margin-bottom:40px\">Si es tu caso, est\u00e1s en el lugar adecuado porque en <a href=\"https:\/\/www.mielectro.es\/\" target=\"_blank\" rel=\"noreferrer noopener\">Mi Electro<\/a>, expertos en electrodom\u00e9sticos, vamos a explicarte las causas m\u00e1s comunes. \u00a1Acomp\u00e1\u00f1anos!<\/p>\n\n\n\n<div id=\"blognevera\"><\/div>\n<style>li.cn__li {margin-left:0px!Important;}<\/style>\n\n\n\n<h2 class=\"wp-block-heading\" style=\"margin-top:40px\"><span class=\"ez-toc-section\" id=\"%C2%BFTu_frigorifico_no_enfria_pero_si_congela\"><\/span>\u00bfTu frigor\u00edfico no enfr\u00eda, pero s\u00ed congela?<span class=\"ez-toc-section-end\"><\/span><\/h2>\n\n\n\n<p>Una de las consecuencias directas m\u00e1s comunes de esta situaci\u00f3n es que aparece un olor desagradable en tu frigor\u00edfico. Por eso, si eso ocurre toma nota porque te vamos a contar a qu\u00e9 se debe.<\/p>\n\n\n\n<h3 class=\"wp-block-heading\"><span class=\"ez-toc-section\" id=\"Frigorificos_No_Frost\"><\/span>Frigor\u00edficos No Frost<span class=\"ez-toc-section-end\"><\/span><\/h3>\n\n\n\n<p style=\"margin-bottom:40px\">Un frigor\u00edfico No Frost se caracteriza porque <strong>el congelador genera fr\u00edo seco y con la ayuda del ventilador este fr\u00edo llega hasta el frigor\u00edfico.<\/strong><\/p>\n\n\n\n<div class=\"wp-block-columns is-layout-flex wp-container-4\">\n<div class=\"wp-block-column is-layout-flow\"><div class=\"wp-block-image\">\n<figure class=\"aligncenter size-large is-resized\"><img decoding=\"async\" loading=\"lazy\" src=\"https:\/\/www.mielectro.es\/blog\/wp-content\/uploads\/2021\/02\/fricom-lg-gbb71nsdfn-186x60-a-nf-inox-disp.jpg\" alt=\"Frigor\u00edfico Combi LG GBB71NSDFN\" class=\"wp-image-6501\" width=\"208\" height=\"371\" srcset=\"https:\/\/www.mielectro.es\/blog\/wp-content\/uploads\/2021\/02\/fricom-lg-gbb71nsdfn-186x60-a-nf-inox-disp.jpg 392w, https:\/\/www.mielectro.es\/blog\/wp-content\/uploads\/2021\/02\/fricom-lg-gbb71nsdfn-186x60-a-nf-inox-disp-168x300.jpg 168w, https:\/\/www.mielectro.es\/blog\/wp-content\/uploads\/2021\/02\/fricom-lg-gbb71nsdfn-186x60-a-nf-inox-disp-235x420.jpg 235w, https:\/\/www.mielectro.es\/blog\/wp-content\/uploads\/2021\/02\/fricom-lg-gbb71nsdfn-186x60-a-nf-inox-disp-150x268.jpg 150w\" sizes=\"(max-width: 208px) 100vw, 208px\" \/><figcaption class=\"wp-element-caption\">VER: <em><a href=\"https:\/\/www.mielectro.es\/frigorificos-5478076\/frigorificos-5382076\/frigorificos-combi-5385076\/\" target=\"_blank\" rel=\"noreferrer noopener\">Frigor\u00edficos Combi No Frost<\/a><a href=\"https:\/\/www.mielectro.es\/frigorifico-lg-gbb92stbap-6848071\/\" target=\"_blank\" rel=\"noreferrer noopener\">&nbsp;<\/a><\/em><\/figcaption><\/figure><\/div><\/div>\n\n\n\n<div class=\"wp-block-column is-layout-flow\"><div class=\"wp-block-image\">\n<figure class=\"aligncenter size-large is-resized\"><img decoding=\"async\" loading=\"lazy\" src=\"https:\/\/www.mielectro.es\/blog\/wp-content\/uploads\/2022\/01\/frigorifico-combi-samsung-rb38t776cb1-203x60-1.jpg\" alt=\"\" class=\"wp-image-8245\" width=\"106\" height=\"352\" srcset=\"https:\/\/www.mielectro.es\/blog\/wp-content\/uploads\/2022\/01\/frigorifico-combi-samsung-rb38t776cb1-203x60-1.jpg 211w, https:\/\/www.mielectro.es\/blog\/wp-content\/uploads\/2022\/01\/frigorifico-combi-samsung-rb38t776cb1-203x60-1-90x300.jpg 90w, https:\/\/www.mielectro.es\/blog\/wp-content\/uploads\/2022\/01\/frigorifico-combi-samsung-rb38t776cb1-203x60-1-150x498.jpg 150w, https:\/\/www.mielectro.es\/blog\/wp-content\/uploads\/2022\/01\/frigorifico-combi-samsung-rb38t776cb1-203x60-1-127x420.jpg 127w\" sizes=\"(max-width: 106px) 100vw, 106px\" \/><figcaption class=\"wp-element-caption\">VER: <a href=\"https:\/\/www.mielectro.es\/frigorificos-negros-5574076\/\" target=\"_blank\" rel=\"noreferrer noopener\">Frigor\u00edficos Negros<\/a><\/figcaption><\/figure><\/div>\n\n\n<p><\/p>\n<\/div>\n<\/div>\n\n\n\n<p>Por eso mismo, lo primero de todo es <strong>comprobar el ventilador del congelador<\/strong> y observar si funciona correctamente.<\/p>\n\n\n\n<p>Despu\u00e9s, deberemos ver <strong>si los conductos est\u00e1n obstruidos<\/strong>. Esta parte es algo m\u00e1s complicada, pero te detallamos aqu\u00ed los pasos (si no te atreves a hacerlo t\u00fa, en ese caso, contacta con un t\u00e9cnico):<\/p>\n\n\n\n<ul>\n<li>Apaga la nevera.<\/li>\n\n\n\n<li>Vac\u00eda tu congelador.<\/li>\n\n\n\n<li>Una vez vac\u00edo, desatornilla la parte interior.<\/li>\n\n\n\n<li>Acceder\u00e1s a los conductos y ah\u00ed podr\u00e1s ver si hay alg\u00fan trocito de hielo que est\u00e9 bloqueando los conductos.<\/li>\n<\/ul>\n\n\n\n<p>Tambi\u00e9n puede ocurrir que directamente <strong>el hielo est\u00e9 bloqueando el ventilador.<\/strong> En ese caso, seguramente podr\u00e1s saberlo porque encuentres un charquito de agua debajo de la nevera. Si es tu caso, llama a un t\u00e9cnico para que pueda revisarlo todo correctamente.<\/p>\n\n\n\n<figure class=\"wp-block-image size-large\" style=\"margin-top:40px;margin-bottom:40px\"><img decoding=\"async\" loading=\"lazy\" width=\"800\" height=\"552\" src=\"https:\/\/www.mielectro.es\/blog\/wp-content\/uploads\/2021\/03\/tecnico-reparando-congelador-no-congela.jpg\" alt=\"\" class=\"wp-image-6546\" srcset=\"https:\/\/www.mielectro.es\/blog\/wp-content\/uploads\/2021\/03\/tecnico-reparando-congelador-no-congela.jpg 800w, https:\/\/www.mielectro.es\/blog\/wp-content\/uploads\/2021\/03\/tecnico-reparando-congelador-no-congela-300x207.jpg 300w, https:\/\/www.mielectro.es\/blog\/wp-content\/uploads\/2021\/03\/tecnico-reparando-congelador-no-congela-768x530.jpg 768w, https:\/\/www.mielectro.es\/blog\/wp-content\/uploads\/2021\/03\/tecnico-reparando-congelador-no-congela-218x150.jpg 218w, https:\/\/www.mielectro.es\/blog\/wp-content\/uploads\/2021\/03\/tecnico-reparando-congelador-no-congela-696x480.jpg 696w, https:\/\/www.mielectro.es\/blog\/wp-content\/uploads\/2021\/03\/tecnico-reparando-congelador-no-congela-609x420.jpg 609w, https:\/\/www.mielectro.es\/blog\/wp-content\/uploads\/2021\/03\/tecnico-reparando-congelador-no-congela-100x70.jpg 100w, https:\/\/www.mielectro.es\/blog\/wp-content\/uploads\/2021\/03\/tecnico-reparando-congelador-no-congela-150x104.jpg 150w\" sizes=\"(max-width: 800px) 100vw, 800px\" \/><\/figure>\n\n\n\n<h3 class=\"wp-block-heading\"><span class=\"ez-toc-section\" id=\"Otros_frigorificos\"><\/span>Otros frigor\u00edficos<span class=\"ez-toc-section-end\"><\/span><\/h3>\n\n\n\n<p>Si tu frigor\u00edfico no enfr\u00eda, pero s\u00ed congela y es de escarcha con un solo motor, pueden estar ocurriendo dos cosas:<\/p>\n\n\n\n<ul>\n<li><strong>No se escucha el motor, pero observamos que tiene corriente<\/strong>: en ese caso puede tratarse de una aver\u00eda del termostato.<\/li>\n\n\n\n<li><strong>No enfr\u00eda, pero el motor s\u00ed que funciona:<\/strong> \u00a1CUIDADO! Este es, sin duda, una de las opciones m\u00e1s problem\u00e1ticas ya que estamos posiblemente ante una fuga de gas. Podr\u00e1s asegurarte 100% si notas un olor extra\u00f1o.\n<ul>\n<li>No apagues el frigo.<\/li>\n\n\n\n<li>No lo toques.<\/li>\n\n\n\n<li>Ventila tu casa todo lo que puedas ya que el gas, sobre todo el de los frigor\u00edficos m\u00e1s antiguos, es muy t\u00f3xico.<\/li>\n\n\n\n<li>Llama a un t\u00e9cnico para que venga a revisar tu nevera.<\/li>\n<\/ul>\n<\/li>\n<\/ul>\n\n\n\n<p style=\"margin-top:40px\"><strong>\u00bfSigue sin funcionar?<\/strong><\/p>\n\n\n\n<div class=\"wp-block-buttons is-content-justification-center is-layout-flex wp-container-5\">\n<div class=\"wp-block-button is-style-shadow\" style=\"margin-top:5px;margin-bottom:40px\"><a class=\"wp-block-button__link has-white-color has-text-color has-background wp-element-button\" href=\"https:\/\/www.mielectro.es\/frigorificos-5478076\/frigorificos-5382076\/frigorificos-combi-5385076\/\" style=\"border-radius:50px;background-color:#d32b2b\" target=\"_blank\" rel=\"noreferrer noopener\"> AY\u00daDAME A RENOVAR MI FRIGOR\u00cdFICO <\/a><\/div>\n<\/div>\n\n\n\n<h2 class=\"wp-block-heading\"><span class=\"ez-toc-section\" id=\"Tu_frigorifico_no_enfria_y_tampoco_congela\"><\/span>Tu frigor\u00edfico no enfr\u00eda y tampoco congela<span class=\"ez-toc-section-end\"><\/span><\/h2>\n\n\n\n<p>Si es tu caso, lo primero que debes hacer es revisar estos 4 puntos.<\/p>\n\n\n\n<h3 class=\"wp-block-heading\"><span class=\"ez-toc-section\" id=\"Comprueba_los_fusibles_y_enchufe\"><\/span>Comprueba los fusibles y enchufe<span class=\"ez-toc-section-end\"><\/span><\/h3>\n\n\n\n<p>Puede ocurrir que alg\u00fan fusible de tu casa haya saltado y sea es la raz\u00f3n.<\/p>\n\n\n\n<p>Otra opci\u00f3n puede ser que <strong>no funcione el enchufe en el que est\u00e1 la nevera<\/strong>. Para comprobar que no es el enchufe, solo tienes que tratar de conectar otro aparato electr\u00f3nico para ver si recibe corriente.<\/p>\n\n\n<div class=\"wp-block-image\">\n<figure class=\"aligncenter size-large\"><img decoding=\"async\" loading=\"lazy\" width=\"600\" height=\"478\" src=\"https:\/\/www.mielectro.es\/blog\/wp-content\/uploads\/2021\/02\/Reparando-un-enchufe.jpg\" alt=\"\" class=\"wp-image-6502\" srcset=\"https:\/\/www.mielectro.es\/blog\/wp-content\/uploads\/2021\/02\/Reparando-un-enchufe.jpg 600w, https:\/\/www.mielectro.es\/blog\/wp-content\/uploads\/2021\/02\/Reparando-un-enchufe-300x239.jpg 300w, https:\/\/www.mielectro.es\/blog\/wp-content\/uploads\/2021\/02\/Reparando-un-enchufe-527x420.jpg 527w, https:\/\/www.mielectro.es\/blog\/wp-content\/uploads\/2021\/02\/Reparando-un-enchufe-150x120.jpg 150w\" sizes=\"(max-width: 600px) 100vw, 600px\" \/><\/figure><\/div>\n\n\n<h3 class=\"wp-block-heading\"><span class=\"ez-toc-section\" id=\"El_cable_de_la_corriente_de_tu_frigorifico\"><\/span>El cable de la corriente de tu frigor\u00edfico<span class=\"ez-toc-section-end\"><\/span><\/h3>\n\n\n\n<p>Si ves que se trata del propio cable, es tan sencillo como <strong>comprar uno nuevo<\/strong> y sustituirlo. Descon\u00e9ctalo de debajo de la nevera y \u00a1no olvides apagar los fusibles en casa antes de ponerte manos a la obra!<\/p>\n\n\n\n<h3 class=\"wp-block-heading\"><span class=\"ez-toc-section\" id=\"Problemas_con_la_puerta\"><\/span>Problemas con la puerta<span class=\"ez-toc-section-end\"><\/span><\/h3>\n\n\n\n<p>Es muy com\u00fan que la puerta no cierre bien, ya sea porque alg\u00fan alimento est\u00e1 bloqueando su cierre o porque la goma est\u00e9 rota o con alg\u00fan defecto y haya dejado de ser herm\u00e9tica.<\/p>\n\n\n\n<p>Si se trata del segundo punto, lo ideal es que llamen a un t\u00e9cnico para que la revise.<\/p>\n\n\n\n<h3 class=\"wp-block-heading\"><span class=\"ez-toc-section\" id=\"La_nevera_esta_muy_llena\"><\/span>La nevera est\u00e1 muy llena<span class=\"ez-toc-section-end\"><\/span><\/h3>\n\n\n\n<p>S\u00ed, parece obvio, pero no lo es.<\/p>\n\n\n\n<p>Cuando el frigor\u00edfico est\u00e1 muy lleno <strong>no trabaja correctamente y no enfr\u00eda<\/strong> lo que deber\u00eda, perjudicando al funcionamiento del mismo.<\/p>\n\n\n<div class=\"wp-block-image\">\n<figure class=\"aligncenter size-large\"><a href=\"https:\/\/www.mielectro.es\/frigorificos-5478076\/\" target=\"_blank\" rel=\"noopener\"><img decoding=\"async\" loading=\"lazy\" width=\"1024\" height=\"156\" src=\"https:\/\/www.mielectro.es\/blog\/wp-content\/uploads\/2017\/05\/banner-grande-guia-frigorificos-1024x156.jpg\" alt=\"\" class=\"wp-image-181\" srcset=\"https:\/\/www.mielectro.es\/blog\/wp-content\/uploads\/2017\/05\/banner-grande-guia-frigorificos-1024x156.jpg 1024w, https:\/\/www.mielectro.es\/blog\/wp-content\/uploads\/2017\/05\/banner-grande-guia-frigorificos-300x46.jpg 300w, https:\/\/www.mielectro.es\/blog\/wp-content\/uploads\/2017\/05\/banner-grande-guia-frigorificos-768x117.jpg 768w, https:\/\/www.mielectro.es\/blog\/wp-content\/uploads\/2017\/05\/banner-grande-guia-frigorificos.jpg 1150w\" sizes=\"(max-width: 1024px) 100vw, 1024px\" \/><\/a><\/figure><\/div>\n\n\n<h2 class=\"wp-block-heading\"><span class=\"ez-toc-section\" id=\"Recomendaciones_para_que_tu_frigorifico_este_siempre_a_punto\"><\/span>Recomendaciones para que tu frigor\u00edfico est\u00e9 siempre a punto<span class=\"ez-toc-section-end\"><\/span><\/h2>\n\n\n\n<p>Ahora que ya sabes las razones por las que tu frigor\u00edfico no enfr\u00eda, pero s\u00ed congela queremos darte una serie de consejos para que tu nevera funcione a la perfecci\u00f3n y evitemos sustos innecesarios:<\/p>\n\n\n\n<ul>\n<li><strong>Revisa siempre la temperatura<\/strong> para que no tengas problemas en verano o en invierno con los alimentos. Recuerda que cada fabricante te ofrecer\u00e1 unas temperaturas m\u00e1s adecuadas seg\u00fan tu nevera.<\/li>\n\n\n\n<li><strong>Limpia tu frigor\u00edfico<\/strong> y <a href=\"https:\/\/www.mielectro.es\/blog\/consejos-trucos\/como-descongelar-un-congelador-bien\/\" target=\"_blank\" rel=\"noreferrer noopener\">descongela el congelador<\/a> de vez en cuando para retirar el hielo innecesario y que consuma menos.<\/li>\n\n\n\n<li>No coloques tu frigor\u00edfico en <strong>un lugar donde incida mucho el sol o haga mucho calor <\/strong>ya que har\u00e1 que se caliente y consuma m\u00e1s.<\/li>\n<\/ul>\n\n\n<div class=\"wp-block-image\">\n<figure class=\"aligncenter size-large\"><img decoding=\"async\" loading=\"lazy\" width=\"600\" height=\"400\" src=\"https:\/\/www.mielectro.es\/blog\/wp-content\/uploads\/2021\/02\/Frigorifico-en-un-lugar-poco-adecuado.jpg\" alt=\"Frigor\u00edfico ubicado en sitio poco adecuado\" class=\"wp-image-6499\" srcset=\"https:\/\/www.mielectro.es\/blog\/wp-content\/uploads\/2021\/02\/Frigorifico-en-un-lugar-poco-adecuado.jpg 600w, https:\/\/www.mielectro.es\/blog\/wp-content\/uploads\/2021\/02\/Frigorifico-en-un-lugar-poco-adecuado-300x200.jpg 300w, https:\/\/www.mielectro.es\/blog\/wp-content\/uploads\/2021\/02\/Frigorifico-en-un-lugar-poco-adecuado-150x100.jpg 150w\" sizes=\"(max-width: 600px) 100vw, 600px\" \/><\/figure><\/div>\n\n\n<ul>\n<li><strong>Separa la parte trasera de la pared<\/strong> hasta alcanzar los 20 cm aproximadamente para lograr una buena ventilaci\u00f3n.<\/li>\n\n\n\n<li><strong>No metas los alimentos muy calientes en el frigor\u00edfico o en el congelador<\/strong>, mejor a temperatura ambiente, as\u00ed no tendr\u00e1 que hacer un sobreesfuerzo el electrodom\u00e9stico para enfriar los alimentos.<\/li>\n<\/ul>\n\n\n\n<h2 class=\"wp-block-heading\"><span class=\"ez-toc-section\" id=\"%C2%BFHora_de_renovar_tu_nevera\"><\/span>\u00bfHora de renovar tu nevera?<span class=\"ez-toc-section-end\"><\/span><\/h2>\n\n\n\n<p>Quiz\u00e1 te est\u00e9s planteando, al margen de conocer las razones por las que <strong>tu frigor\u00edfico no enfr\u00eda, pero s\u00ed congela que puede ser muy buena opci\u00f3n cambiar tu nevera por una nueva<\/strong>. Si es tu caso y no sabes muy bien c\u00f3mo escoger la nueva, quiz\u00e1 esta gu\u00eda sobre <a href=\"https:\/\/www.mielectro.es\/blog\/guias-de-compra\/como-elegir-tu-frigorifico-como-conserva-los-alimentos\/\" target=\"_blank\" rel=\"noreferrer noopener\">c\u00f3mo elegir tu frigor\u00edfico<\/a> pueda ayudarte.<\/p>\n\n\n\n<figure class=\"wp-block-image size-large\"><a href=\"https:\/\/www.mielectro.es\/frigorificos-5478076\/frigorificos-5382076\/frigorificos-combi-5385076\/\" target=\"_blank\" rel=\"noopener\"><img decoding=\"async\" loading=\"lazy\" width=\"880\" height=\"430\" src=\"https:\/\/www.mielectro.es\/blog\/wp-content\/uploads\/2021\/02\/MiElectro-Combi-880x430-1.jpg\" alt=\"Frigor\u00edficos combi\" class=\"wp-image-6431\" srcset=\"https:\/\/www.mielectro.es\/blog\/wp-content\/uploads\/2021\/02\/MiElectro-Combi-880x430-1.jpg 880w, https:\/\/www.mielectro.es\/blog\/wp-content\/uploads\/2021\/02\/MiElectro-Combi-880x430-1-300x147.jpg 300w, https:\/\/www.mielectro.es\/blog\/wp-content\/uploads\/2021\/02\/MiElectro-Combi-880x430-1-768x375.jpg 768w, https:\/\/www.mielectro.es\/blog\/wp-content\/uploads\/2021\/02\/MiElectro-Combi-880x430-1-696x340.jpg 696w, https:\/\/www.mielectro.es\/blog\/wp-content\/uploads\/2021\/02\/MiElectro-Combi-880x430-1-860x420.jpg 860w, https:\/\/www.mielectro.es\/blog\/wp-content\/uploads\/2021\/02\/MiElectro-Combi-880x430-1-533x261.jpg 533w, https:\/\/www.mielectro.es\/blog\/wp-content\/uploads\/2021\/02\/MiElectro-Combi-880x430-1-150x73.jpg 150w\" sizes=\"(max-width: 880px) 100vw, 880px\" \/><\/a><\/figure>\n\n\n\n<p>Ahora que ya sabes lo que tienes que hacer si tu frigor\u00edfico no enfr\u00eda, pero s\u00ed congela, no dudes en escribirnos si te surge alguna pregunta.<\/p>\n\n\n\n<p>\u00a1Ah, y recuerda que nos puedes encontrar en redes donde aprender\u00e1s consejos y trucos sobre tus electrodom\u00e9sticos y estar\u00e1s al d\u00eda de las mejores ofertas!<\/p>\n\n\n\n<div class=\"wp-block-columns is-layout-flex wp-container-7\">\n<div class=\"wp-block-column is-layout-flow\" style=\"flex-basis:100%\"><\/div>\n<\/div>\n\n\n\n<ul>\n<li><a href=\"https:\/\/www.facebook.com\/MiElectro.es\" target=\"_blank\" rel=\"noreferrer noopener\">Facebook<\/a><\/li>\n\n\n\n<li><a href=\"https:\/\/www.instagram.com\/mielectro.es\/?hl=es\" target=\"_blank\" rel=\"noreferrer noopener\">Instagram<\/a><\/li>\n\n\n\n<li><a href=\"https:\/\/twitter.com\/Mi_Electro\" target=\"_blank\" rel=\"noreferrer noopener\">Twitter<\/a><\/li>\n\n\n\n<li><a href=\"https:\/\/www.linkedin.com\/company\/mi-electro\" target=\"_blank\" rel=\"noreferrer noopener\">LinkedIn<\/a><\/li>\n<\/ul>\n\n\n\n<p><\/p>\n","protected":false},"excerpt":{"rendered":"<p>Sin duda el frigor\u00edfico es el electrodom\u00e9stico que m\u00e1s tiempo pasa enchufado, por eso es normal que sea al que m\u00e1s problemas le puedan surgir y entre ellos, uno de los m\u00e1s comunes es que el frigor\u00edfico no enfr\u00eda, pero s\u00ed congela. Si es tu caso, est\u00e1s en el lugar adecuado porque en Mi Electro, [&hellip;]<\/p>\n","protected":false},"author":8,"featured_media":6500,"comment_status":"open","ping_status":"open","sticky":false,"template":"","format":"standard","meta":{"tdm_status":"","tdm_grid_status":""},"categories":[249],"yoast_head":"<!-- This site is optimized with the Yoast SEO plugin v21.7 - https:\/\/yoast.com\/wordpress\/plugins\/seo\/ -->\n<title>Mi frigor\u00edfico no enfr\u00eda, pero s\u00ed congela, \u00bfqu\u00e9 sucede?<\/title>\n<meta name=\"description\" content=\"Si observas que tu frigor\u00edfico no enfr\u00eda, pero s\u00ed congela, necesitas leer esto. Aqu\u00ed te contamos a qu\u00e9 se debe y c\u00f3mo solucionarlo.\" \/>\n<meta name=\"robots\" content=\"index, follow, max-snippet:-1, max-image-preview:large, max-video-preview:-1\" \/>\n<link rel=\"canonical\" href=\"https:\/\/www.mielectro.es\/blog\/noticias-tendencias\/frigorifico-no-enfria-pero-si-congela\/\" \/>\n<meta property=\"og:locale\" content=\"es_ES\" \/>\n<meta property=\"og:type\" content=\"article\" \/>\n<meta property=\"og:title\" content=\"Mi frigor\u00edfico no enfr\u00eda, pero s\u00ed congela, \u00bfqu\u00e9 sucede?\" \/>\n<meta property=\"og:description\" content=\"Si observas que tu frigor\u00edfico no enfr\u00eda, pero s\u00ed congela, necesitas leer esto. Aqu\u00ed te contamos a qu\u00e9 se debe y c\u00f3mo solucionarlo.\" \/>\n<meta property=\"og:url\" content=\"https:\/\/www.mielectro.es\/blog\/noticias-tendencias\/frigorifico-no-enfria-pero-si-congela\/\" \/>\n<meta property=\"og:site_name\" content=\"Mi Electro News\" \/>\n<meta property=\"article:publisher\" content=\"https:\/\/www.facebook.com\/MiElectro.es\/\" \/>\n<meta property=\"article:published_time\" content=\"2021-02-18T08:30:00+00:00\" \/>\n<meta property=\"article:modified_time\" content=\"2024-09-11T15:21:13+00:00\" \/>\n<meta property=\"og:image\" content=\"https:\/\/www.mielectro.es\/blog\/wp-content\/uploads\/2021\/02\/frigorifico-no-enfria-pero-si-congela.jpg\" \/>\n\t<meta property=\"og:image:width\" content=\"599\" \/>\n\t<meta property=\"og:image:height\" content=\"400\" \/>\n\t<meta property=\"og:image:type\" content=\"image\/jpeg\" \/>\n<meta name=\"author\" content=\"Experto Mi Electro\" \/>\n<meta name=\"twitter:card\" content=\"summary_large_image\" \/>\n<meta name=\"twitter:creator\" content=\"@Mi_Electro\" \/>\n<meta name=\"twitter:site\" content=\"@Mi_Electro\" \/>\n<meta name=\"twitter:label1\" content=\"Escrito por\" \/>\n\t<meta name=\"twitter:data1\" content=\"Experto Mi Electro\" \/>\n\t<meta name=\"twitter:label2\" content=\"Tiempo de lectura\" \/>\n\t<meta name=\"twitter:data2\" content=\"5 minutos\" \/>\n<script type=\"application\/ld+json\" class=\"yoast-schema-graph\">{\"@context\":\"https:\/\/schema.org\",\"@graph\":[{\"@type\":\"WebPage\",\"@id\":\"https:\/\/www.mielectro.es\/blog\/noticias-tendencias\/frigorifico-no-enfria-pero-si-congela\/\",\"url\":\"https:\/\/www.mielectro.es\/blog\/noticias-tendencias\/frigorifico-no-enfria-pero-si-congela\/\",\"name\":\"Mi frigor\u00edfico no enfr\u00eda, pero s\u00ed congela, \u00bfqu\u00e9 sucede?\",\"isPartOf\":{\"@id\":\"https:\/\/www.mielectro.es\/blog\/#website\"},\"datePublished\":\"2021-02-18T08:30:00+00:00\",\"dateModified\":\"2024-09-11T15:21:13+00:00\",\"author\":{\"@id\":\"https:\/\/www.mielectro.es\/blog\/#\/schema\/person\/ada5decd4ef317dd03e1c96f83732149\"},\"description\":\"Si observas que tu frigor\u00edfico no enfr\u00eda, pero s\u00ed congela, necesitas leer esto. Aqu\u00ed te contamos a qu\u00e9 se debe y c\u00f3mo solucionarlo.\",\"breadcrumb\":{\"@id\":\"https:\/\/www.mielectro.es\/blog\/noticias-tendencias\/frigorifico-no-enfria-pero-si-congela\/#breadcrumb\"},\"inLanguage\":\"es\",\"potentialAction\":[{\"@type\":\"ReadAction\",\"target\":[\"https:\/\/www.mielectro.es\/blog\/noticias-tendencias\/frigorifico-no-enfria-pero-si-congela\/\"]}]},{\"@type\":\"BreadcrumbList\",\"@id\":\"https:\/\/www.mielectro.es\/blog\/noticias-tendencias\/frigorifico-no-enfria-pero-si-congela\/#breadcrumb\",\"itemListElement\":[{\"@type\":\"ListItem\",\"position\":1,\"name\":\"Home\",\"item\":\"https:\/\/www.mielectro.es\/blog\/\"},{\"@type\":\"ListItem\",\"position\":2,\"name\":\"Mi frigor\u00edfico no enfr\u00eda, pero s\u00ed congela: \u00bfQu\u00e9 sucede?\"}]},{\"@type\":\"WebSite\",\"@id\":\"https:\/\/www.mielectro.es\/blog\/#website\",\"url\":\"https:\/\/www.mielectro.es\/blog\/\",\"name\":\"Mi Electro\",\"description\":\"El blog de tu tienda de electrodom\u00e9sticos online\",\"potentialAction\":[{\"@type\":\"SearchAction\",\"target\":{\"@type\":\"EntryPoint\",\"urlTemplate\":\"https:\/\/www.mielectro.es\/blog\/?s={search_term_string}\"},\"query-input\":\"required name=search_term_string\"}],\"inLanguage\":\"es\"},{\"@type\":\"Person\",\"@id\":\"https:\/\/www.mielectro.es\/blog\/#\/schema\/person\/ada5decd4ef317dd03e1c96f83732149\",\"name\":\"Experto Mi Electro\",\"sameAs\":[\"https:\/\/www.mielectro.es\/blog\/\"]}]}<\/script>\n<!-- \/ Yoast SEO plugin. -->","yoast_head_json":{"title":"Mi frigor\u00edfico no enfr\u00eda, pero s\u00ed congela, \u00bfqu\u00e9 sucede?","description":"Si observas que tu frigor\u00edfico no enfr\u00eda, pero s\u00ed congela, necesitas leer esto. Aqu\u00ed te contamos a qu\u00e9 se debe y c\u00f3mo solucionarlo.","robots":{"index":"index","follow":"follow","max-snippet":"max-snippet:-1","max-image-preview":"max-image-preview:large","max-video-preview":"max-video-preview:-1"},"canonical":"https:\/\/www.mielectro.es\/blog\/noticias-tendencias\/frigorifico-no-enfria-pero-si-congela\/","og_locale":"es_ES","og_type":"article","og_title":"Mi frigor\u00edfico no enfr\u00eda, pero s\u00ed congela, \u00bfqu\u00e9 sucede?","og_description":"Si observas que tu frigor\u00edfico no enfr\u00eda, pero s\u00ed congela, necesitas leer esto. Aqu\u00ed te contamos a qu\u00e9 se debe y c\u00f3mo solucionarlo.","og_url":"https:\/\/www.mielectro.es\/blog\/noticias-tendencias\/frigorifico-no-enfria-pero-si-congela\/","og_site_name":"Mi Electro News","article_publisher":"https:\/\/www.facebook.com\/MiElectro.es\/","article_published_time":"2021-02-18T08:30:00+00:00","article_modified_time":"2024-09-11T15:21:13+00:00","og_image":[{"width":599,"height":400,"url":"https:\/\/www.mielectro.es\/blog\/wp-content\/uploads\/2021\/02\/frigorifico-no-enfria-pero-si-congela.jpg","type":"image\/jpeg"}],"author":"Experto Mi Electro","twitter_card":"summary_large_image","twitter_creator":"@Mi_Electro","twitter_site":"@Mi_Electro","twitter_misc":{"Escrito por":"Experto Mi Electro","Tiempo de lectura":"5 minutos"},"schema":{"@context":"https:\/\/schema.org","@graph":[{"@type":"WebPage","@id":"https:\/\/www.mielectro.es\/blog\/noticias-tendencias\/frigorifico-no-enfria-pero-si-congela\/","url":"https:\/\/www.mielectro.es\/blog\/noticias-tendencias\/frigorifico-no-enfria-pero-si-congela\/","name":"Mi frigor\u00edfico no enfr\u00eda, pero s\u00ed congela, \u00bfqu\u00e9 sucede?","isPartOf":{"@id":"https:\/\/www.mielectro.es\/blog\/#website"},"datePublished":"2021-02-18T08:30:00+00:00","dateModified":"2024-09-11T15:21:13+00:00","author":{"@id":"https:\/\/www.mielectro.es\/blog\/#\/schema\/person\/ada5decd4ef317dd03e1c96f83732149"},"description":"Si observas que tu frigor\u00edfico no enfr\u00eda, pero s\u00ed congela, necesitas leer esto. Aqu\u00ed te contamos a qu\u00e9 se debe y c\u00f3mo solucionarlo.","breadcrumb":{"@id":"https:\/\/www.mielectro.es\/blog\/noticias-tendencias\/frigorifico-no-enfria-pero-si-congela\/#breadcrumb"},"inLanguage":"es","potentialAction":[{"@type":"ReadAction","target":["https:\/\/www.mielectro.es\/blog\/noticias-tendencias\/frigorifico-no-enfria-pero-si-congela\/"]}]},{"@type":"BreadcrumbList","@id":"https:\/\/www.mielectro.es\/blog\/noticias-tendencias\/frigorifico-no-enfria-pero-si-congela\/#breadcrumb","itemListElement":[{"@type":"ListItem","position":1,"name":"Home","item":"https:\/\/www.mielectro.es\/blog\/"},{"@type":"ListItem","position":2,"name":"Mi frigor\u00edfico no enfr\u00eda, pero s\u00ed congela: \u00bfQu\u00e9 sucede?"}]},{"@type":"WebSite","@id":"https:\/\/www.mielectro.es\/blog\/#website","url":"https:\/\/www.mielectro.es\/blog\/","name":"Mi Electro","description":"El blog de tu tienda de electrodom\u00e9sticos online","potentialAction":[{"@type":"SearchAction","target":{"@type":"EntryPoint","urlTemplate":"https:\/\/www.mielectro.es\/blog\/?s={search_term_string}"},"query-input":"required name=search_term_string"}],"inLanguage":"es"},{"@type":"Person","@id":"https:\/\/www.mielectro.es\/blog\/#\/schema\/person\/ada5decd4ef317dd03e1c96f83732149","name":"Experto Mi Electro","sameAs":["https:\/\/www.mielectro.es\/blog\/"]}]}},"_links":{"self":[{"href":"https:\/\/www.mielectro.es\/blog\/wp-json\/wp\/v2\/posts\/6489"}],"collection":[{"href":"https:\/\/www.mielectro.es\/blog\/wp-json\/wp\/v2\/posts"}],"about":[{"href":"https:\/\/www.mielectro.es\/blog\/wp-json\/wp\/v2\/types\/post"}],"author":[{"embeddable":true,"href":"https:\/\/www.mielectro.es\/blog\/wp-json\/wp\/v2\/users\/8"}],"replies":[{"embeddable":true,"href":"https:\/\/www.mielectro.es\/blog\/wp-json\/wp\/v2\/comments?post=6489"}],"version-history":[{"count":8,"href":"https:\/\/www.mielectro.es\/blog\/wp-json\/wp\/v2\/posts\/6489\/revisions"}],"predecessor-version":[{"id":11613,"href":"https:\/\/www.mielectro.es\/blog\/wp-json\/wp\/v2\/posts\/6489\/revisions\/11613"}],"wp:featuredmedia":[{"embeddable":true,"href":"https:\/\/www.mielectro.es\/blog\/wp-json\/wp\/v2\/media\/6500"}],"wp:attachment":[{"href":"https:\/\/www.mielectro.es\/blog\/wp-json\/wp\/v2\/media?parent=6489"}],"wp:term":[{"taxonomy":"category","embeddable":true,"href":"https:\/\/www.mielectro.es\/blog\/wp-json\/wp\/v2\/categories?post=6489"}],"curies":[{"name":"wp","href":"https:\/\/api.w.org\/{rel}","templated":true}]}}