{"id":7622,"date":"2021-10-08T10:41:46","date_gmt":"2021-10-08T09:41:46","guid":{"rendered":"https:\/\/www.mielectro.es\/blog\/?p=7622"},"modified":"2024-09-03T14:32:47","modified_gmt":"2024-09-03T13:32:47","slug":"medidas-de-los-frigorificos-americanos","status":"publish","type":"post","link":"https:\/\/www.mielectro.es\/blog\/guias-de-compra\/medidas-de-los-frigorificos-americanos\/","title":{"rendered":"Medidas de los frigor\u00edficos americanos: el espacio que necesitas"},"content":{"rendered":"<div id=\"ez-toc-container\" class=\"ez-toc-v2_0_80 counter-hierarchy ez-toc-counter ez-toc-grey ez-toc-container-direction\">\n<p class=\"ez-toc-title\" style=\"cursor:inherit\">\u00bfQu\u00e9 vas a encontrar en este post?<\/p>\n<label for=\"ez-toc-cssicon-toggle-item-69f0f79b305bf\" class=\"ez-toc-cssicon-toggle-label\"><span class=\"\"><span class=\"eztoc-hide\" style=\"display:none;\">Toggle<\/span><span class=\"ez-toc-icon-toggle-span\"><svg style=\"fill: #999;color:#999\" xmlns=\"http:\/\/www.w3.org\/2000\/svg\" class=\"list-377408\" width=\"20px\" height=\"20px\" viewBox=\"0 0 24 24\" fill=\"none\"><path d=\"M6 6H4v2h2V6zm14 0H8v2h12V6zM4 11h2v2H4v-2zm16 0H8v2h12v-2zM4 16h2v2H4v-2zm16 0H8v2h12v-2z\" fill=\"currentColor\"><\/path><\/svg><svg style=\"fill: #999;color:#999\" class=\"arrow-unsorted-368013\" xmlns=\"http:\/\/www.w3.org\/2000\/svg\" width=\"10px\" height=\"10px\" viewBox=\"0 0 24 24\" version=\"1.2\" baseProfile=\"tiny\"><path d=\"M18.2 9.3l-6.2-6.3-6.2 6.3c-.2.2-.3.4-.3.7s.1.5.3.7c.2.2.4.3.7.3h11c.3 0 .5-.1.7-.3.2-.2.3-.5.3-.7s-.1-.5-.3-.7zM5.8 14.7l6.2 6.3 6.2-6.3c.2-.2.3-.5.3-.7s-.1-.5-.3-.7c-.2-.2-.4-.3-.7-.3h-11c-.3 0-.5.1-.7.3-.2.2-.3.5-.3.7s.1.5.3.7z\"\/><\/svg><\/span><\/span><\/label><input type=\"checkbox\"  id=\"ez-toc-cssicon-toggle-item-69f0f79b305bf\"  aria-label=\"Alternar\" \/><nav><ul class='ez-toc-list ez-toc-list-level-1 ' ><li class='ez-toc-page-1 ez-toc-heading-level-2'><a class=\"ez-toc-link ez-toc-heading-1\" href=\"https:\/\/www.mielectro.es\/blog\/guias-de-compra\/medidas-de-los-frigorificos-americanos\/#Aspectos_importantes_antes_de_comprar_un_frigorifico_americano\" >Aspectos importantes antes de comprar un frigor\u00edfico americano<\/a><\/li><li class='ez-toc-page-1 ez-toc-heading-level-2'><a class=\"ez-toc-link ez-toc-heading-2\" href=\"https:\/\/www.mielectro.es\/blog\/guias-de-compra\/medidas-de-los-frigorificos-americanos\/#Medidas_de_los_frigorificos_americanos\" >Medidas de los frigor\u00edficos americanos<\/a><\/li><li class='ez-toc-page-1 ez-toc-heading-level-2'><a class=\"ez-toc-link ez-toc-heading-3\" href=\"https:\/\/www.mielectro.es\/blog\/guias-de-compra\/medidas-de-los-frigorificos-americanos\/#Frigorificos_americanos_especiales\" >Frigor\u00edficos americanos especiales<\/a><ul class='ez-toc-list-level-3' ><li class='ez-toc-heading-level-3'><a class=\"ez-toc-link ez-toc-heading-4\" href=\"https:\/\/www.mielectro.es\/blog\/guias-de-compra\/medidas-de-los-frigorificos-americanos\/#Frigorificos_americanos_con_dispensador_de_agua_o_hielos\" >Frigor\u00edficos americanos con dispensador de agua o hielos<\/a><ul class='ez-toc-list-level-4' ><li class='ez-toc-heading-level-4'><a class=\"ez-toc-link ez-toc-heading-5\" href=\"https:\/\/www.mielectro.es\/blog\/guias-de-compra\/medidas-de-los-frigorificos-americanos\/#Con_toma_de_agua\" >Con toma de agua<\/a><\/li><li class='ez-toc-page-1 ez-toc-heading-level-4'><a class=\"ez-toc-link ez-toc-heading-6\" href=\"https:\/\/www.mielectro.es\/blog\/guias-de-compra\/medidas-de-los-frigorificos-americanos\/#Sin_toma_de_agua\" >Sin toma de agua<\/a><\/li><\/ul><\/li><li class='ez-toc-page-1 ez-toc-heading-level-3'><a class=\"ez-toc-link ez-toc-heading-7\" href=\"https:\/\/www.mielectro.es\/blog\/guias-de-compra\/medidas-de-los-frigorificos-americanos\/#Frigorificos_americanos_de_mas_altura\" >Frigor\u00edficos americanos de m\u00e1s altura<\/a><\/li><li class='ez-toc-page-1 ez-toc-heading-level-3'><a class=\"ez-toc-link ez-toc-heading-8\" href=\"https:\/\/www.mielectro.es\/blog\/guias-de-compra\/medidas-de-los-frigorificos-americanos\/#Frigorificos_americanos_convertibles\" >Frigor\u00edficos americanos convertibles<\/a><\/li><li class='ez-toc-page-1 ez-toc-heading-level-3'><a class=\"ez-toc-link ez-toc-heading-9\" href=\"https:\/\/www.mielectro.es\/blog\/guias-de-compra\/medidas-de-los-frigorificos-americanos\/#Frigorifico_americano_con_pantalla_tactil\" >Frigor\u00edfico americano con pantalla t\u00e1ctil<\/a><\/li><\/ul><\/li><\/ul><\/nav><\/div>\n\n<p>Si est\u00e1s buscando un frigo americano, es muy importante que revises el espacio del que dispones en casa, as\u00ed como las <strong>medidas de los frigor\u00edficos americanos<\/strong> que hay en el mercado para saber cu\u00e1l es el que mejor se adapta a tus circunstancias.<\/p>\n\n\n\n<p>Por eso, en <a href=\"https:\/\/www.mielectro.es\/\" target=\"_blank\" rel=\"noreferrer noopener\">Mi Electro<\/a> nos hemos propuesto pon\u00e9roslo muy f\u00e1cil y contaros cu\u00e1les son las medias de las<strong> medidas de los frigor\u00edficos americanos<\/strong> , as\u00ed como otros aspectos que deb\u00e9is tener en cuenta a la hora de elegir el vuestro.<\/p>\n\n\n\n<div class=\"wp-block-buttons is-content-justification-center is-layout-flex wp-container-2\">\n<div class=\"wp-block-button\"><a class=\"wp-block-button__link wp-element-button\" href=\"https:\/\/www.mielectro.es\/frigorificos-5478076\/frigorificos-5382076\/frigorificos-americanos-5386076\/\" target=\"_blank\" rel=\"noreferrer noopener\">VER FRIGOR\u00cdFICOS AMERICANOS<\/a><\/div>\n<\/div>\n\n\n\n<h2 class=\"wp-block-heading\"><span class=\"ez-toc-section\" id=\"Aspectos_importantes_antes_de_comprar_un_frigorifico_americano\"><\/span>Aspectos importantes antes de comprar un frigor\u00edfico americano<span class=\"ez-toc-section-end\"><\/span><\/h2>\n\n\n\n<p>Una de las primeras cosas que debemos hacer es <strong>revisas las medidas del espacio que tenemos nosotros en casa. <\/strong><\/p>\n\n\n\n<p>Es cierto que un frigor\u00edfico americano siempre es una buen\u00edsima opci\u00f3n si somos varios miembros, pero muchas veces la falta de espacio suficiente nos imposibilita poder contar con uno.<\/p>\n\n\n\n<p>Otras veces, la puerta de la cocina no es lo suficientemente grande como para poder meter el frigor\u00edfico. \u00a1Pero cuidado, pregunta siempre antes las medidas del frigo quit\u00e1ndole las puertas, ya que se pueden sustraer para que quepan mejor por muchos sitios!<\/p>\n\n\n\n<p>El segundo punto es el <strong>lugar de instalaci\u00f3n<\/strong>.<\/p>\n\n\n\n<p>\u00a1Ojo! Nuestra recomendaci\u00f3n es que trat\u00e9is de situar vuestro frigor\u00edfico americano (aunque es aplicable a todos), lejos de:<\/p>\n\n\n\n<ul>\n<li><strong>Fuente de calor<\/strong>: como puede ser un horno o una placa.<\/li>\n\n\n\n<li>En un <strong>lugar donde no incida luz directa<\/strong> de una ventana por ejemplo.<\/li>\n<\/ul>\n\n\n<div class=\"wp-block-image\">\n<figure class=\"aligncenter size-large\"><img decoding=\"async\" loading=\"lazy\" width=\"600\" height=\"400\" src=\"https:\/\/www.mielectro.es\/blog\/wp-content\/uploads\/2021\/10\/Frigo-americano-integrado.jpg\" alt=\"\" class=\"wp-image-7625\" srcset=\"https:\/\/www.mielectro.es\/blog\/wp-content\/uploads\/2021\/10\/Frigo-americano-integrado.jpg 600w, https:\/\/www.mielectro.es\/blog\/wp-content\/uploads\/2021\/10\/Frigo-americano-integrado-300x200.jpg 300w\" sizes=\"(max-width: 600px) 100vw, 600px\" \/><\/figure><\/div>\n\n\n<h2 class=\"wp-block-heading\"><span class=\"ez-toc-section\" id=\"Medidas_de_los_frigorificos_americanos\"><\/span>Medidas de los frigor\u00edficos americanos<span class=\"ez-toc-section-end\"><\/span><\/h2>\n\n\n\n<p>Los frigor\u00edficos americanos se caracterizan por tener 2 o m\u00e1s puertas. Muchas veces nos preguntas si <a href=\"https:\/\/www.mielectro.es\/blog\/guias-de-compra\/frigorifico-americano-side-by-side\/\" target=\"_blank\" rel=\"noreferrer noopener\">el frigor\u00edfico americano y la nevera doble es lo mismo<\/a>, pues en este post podr\u00e9is resolverlo: <a href=\"https:\/\/www.mielectro.es\/blog\/guias-de-compra\/frigorifico-americano-side-by-side\/\" target=\"_blank\" rel=\"noreferrer noopener\">aqu\u00ed<\/a>.<\/p>\n\n\n\n<p>Por lo general, cuando pensamos en las <strong>medidas de los frigor\u00edficos americanos<\/strong>, debemos tener en cuenta 3:<\/p>\n\n\n\n<ul>\n<li>La anchura.<\/li>\n\n\n\n<li>La altura.<\/li>\n\n\n\n<li>La profundidad.<\/li>\n<\/ul>\n\n\n\n<p>Lo que normalmente vamos a encontrar en el mercado son <strong>frigos americanos de estas medidas<\/strong>:<\/p>\n\n\n\n<ul>\n<li><strong>Anchura: entre los 70 y los 100 cm.<\/strong><\/li>\n\n\n\n<li><strong>Largo\/alto: aproximadamente 185 cm.<\/strong><\/li>\n\n\n\n<li><strong>Profundidad: unos 72 cm.<\/strong><\/li>\n<\/ul>\n\n\n\n<p>Ahora que ya conocemos las medidas, vamos a ver algunos frigor\u00edficos americanos con caracter\u00edsticas o ciertas particularidades.<\/p>\n\n\n\n<h2 class=\"wp-block-heading\"><span class=\"ez-toc-section\" id=\"Frigorificos_americanos_especiales\"><\/span>Frigor\u00edficos americanos especiales<span class=\"ez-toc-section-end\"><\/span><\/h2>\n\n\n\n<p>Dentro de nuestros americanos, puedes encontrar distintas clases o tipos en los que quiz\u00e1 no has ca\u00eddo.<\/p>\n\n\n\n<h3 class=\"wp-block-heading\"><span class=\"ez-toc-section\" id=\"Frigorificos_americanos_con_dispensador_de_agua_o_hielos\"><\/span>Frigor\u00edficos americanos con dispensador de agua o hielos<span class=\"ez-toc-section-end\"><\/span><\/h3>\n\n\n\n<p>Algunos americanos cuentan con dispensador de agua y hielo, la diferencia m\u00e1s relevante es que pueden contar o no con toma de agua.<\/p>\n\n\n\n<p>Si tienes toma de agua, deber\u00e1s de optar por uno que tenga. Si a\u00fan as\u00ed quieres uno con dispensador, pero no tienes toma de agua, tambi\u00e9n los tienes con tanque rellenable. <\/p>\n\n\n\n<p>Aqu\u00ed te dejamos dos ejemplos:<\/p>\n\n\n\n<h4 class=\"wp-block-heading\"><span class=\"ez-toc-section\" id=\"Con_toma_de_agua\"><\/span>Con toma de agua<span class=\"ez-toc-section-end\"><\/span><\/h4>\n\n\n<div class=\"wp-block-image\">\n<figure class=\"aligncenter size-large\"><img decoding=\"async\" loading=\"lazy\" width=\"525\" height=\"700\" src=\"https:\/\/www.mielectro.es\/blog\/wp-content\/uploads\/2021\/10\/fri-lg-gsj960nsvz-d2d-179x91-a-668l-inox-dispen.jpg\" alt=\"\" class=\"wp-image-7626\" srcset=\"https:\/\/www.mielectro.es\/blog\/wp-content\/uploads\/2021\/10\/fri-lg-gsj960nsvz-d2d-179x91-a-668l-inox-dispen.jpg 525w, https:\/\/www.mielectro.es\/blog\/wp-content\/uploads\/2021\/10\/fri-lg-gsj960nsvz-d2d-179x91-a-668l-inox-dispen-225x300.jpg 225w, https:\/\/www.mielectro.es\/blog\/wp-content\/uploads\/2021\/10\/fri-lg-gsj960nsvz-d2d-179x91-a-668l-inox-dispen-315x420.jpg 315w\" sizes=\"(max-width: 525px) 100vw, 525px\" \/><figcaption class=\"wp-element-caption\"><strong>Frigor\u00edfico Americano LG GSJ960NSVZ<\/strong><\/figcaption><\/figure><\/div>\n\n\n<h4 class=\"wp-block-heading\"><span class=\"ez-toc-section\" id=\"Sin_toma_de_agua\"><\/span>Sin toma de agua<span class=\"ez-toc-section-end\"><\/span><\/h4>\n\n\n<div class=\"wp-block-image\">\n<figure class=\"aligncenter size-large\"><img decoding=\"async\" loading=\"lazy\" width=\"700\" height=\"700\" src=\"https:\/\/www.mielectro.es\/blog\/wp-content\/uploads\/2021\/10\/fri-lg-gsl361icez-inox-dispen-display.jpg\" alt=\"\" class=\"wp-image-7627\" srcset=\"https:\/\/www.mielectro.es\/blog\/wp-content\/uploads\/2021\/10\/fri-lg-gsl361icez-inox-dispen-display.jpg 700w, https:\/\/www.mielectro.es\/blog\/wp-content\/uploads\/2021\/10\/fri-lg-gsl361icez-inox-dispen-display-300x300.jpg 300w, https:\/\/www.mielectro.es\/blog\/wp-content\/uploads\/2021\/10\/fri-lg-gsl361icez-inox-dispen-display-150x150.jpg 150w, https:\/\/www.mielectro.es\/blog\/wp-content\/uploads\/2021\/10\/fri-lg-gsl361icez-inox-dispen-display-696x696.jpg 696w, https:\/\/www.mielectro.es\/blog\/wp-content\/uploads\/2021\/10\/fri-lg-gsl361icez-inox-dispen-display-420x420.jpg 420w\" sizes=\"(max-width: 700px) 100vw, 700px\" \/><figcaption class=\"wp-element-caption\"><strong>Frigor\u00edfico Americano LG GSL361ICEZ<\/strong><\/figcaption><\/figure><\/div>\n\n\n<div class=\"wp-block-buttons is-content-justification-center is-layout-flex wp-container-3\"><\/div>\n\n\n\n<p><\/p>\n\n\n\n<h3 class=\"wp-block-heading\"><span class=\"ez-toc-section\" id=\"Frigorificos_americanos_de_mas_altura\"><\/span>Frigor\u00edficos americanos de m\u00e1s altura<span class=\"ez-toc-section-end\"><\/span><\/h3>\n\n\n\n<p>Como os hemos comentado, la media ronda los 185 cm, pero los hay m\u00e1s altos, como por ejemplo este de Haier de 190 cm:<\/p>\n\n\n<div class=\"wp-block-image\">\n<figure class=\"aligncenter size-large\"><img decoding=\"async\" loading=\"lazy\" width=\"455\" height=\"618\" src=\"https:\/\/www.mielectro.es\/blog\/wp-content\/uploads\/2021\/10\/fri-haier-hb18fgsaaa-190x83-nf-a-inox.jpg\" alt=\"\" class=\"wp-image-7628\" srcset=\"https:\/\/www.mielectro.es\/blog\/wp-content\/uploads\/2021\/10\/fri-haier-hb18fgsaaa-190x83-nf-a-inox.jpg 455w, https:\/\/www.mielectro.es\/blog\/wp-content\/uploads\/2021\/10\/fri-haier-hb18fgsaaa-190x83-nf-a-inox-221x300.jpg 221w, https:\/\/www.mielectro.es\/blog\/wp-content\/uploads\/2021\/10\/fri-haier-hb18fgsaaa-190x83-nf-a-inox-309x420.jpg 309w\" sizes=\"(max-width: 455px) 100vw, 455px\" \/><figcaption class=\"wp-element-caption\"><strong>Frigor\u00edfico Americano Haier HB18FGSAAA<\/strong><\/figcaption><\/figure><\/div>\n\n\n<div class=\"wp-block-buttons is-content-justification-center is-layout-flex wp-container-4\"><\/div>\n\n\n\n<p><\/p>\n\n\n\n<h3 class=\"wp-block-heading\"><span class=\"ez-toc-section\" id=\"Frigorificos_americanos_convertibles\"><\/span>Frigor\u00edficos americanos convertibles<span class=\"ez-toc-section-end\"><\/span><\/h3>\n\n\n\n<p>\u00bfSab\u00e9is que existen frigor\u00edficos que no solo son nevera y congelador sino que te permiten modificar la temperatura a tu antojo para ahorrar energ\u00eda y adaptarlo a tus necesidades?<\/p>\n\n\n<div class=\"wp-block-image\">\n<figure class=\"aligncenter size-large is-resized\"><img decoding=\"async\" loading=\"lazy\" src=\"https:\/\/www.mielectro.es\/blog\/wp-content\/uploads\/2021\/10\/fri-samsung-rs68a8522s9ef-178x91-d-nf-inox.jpg\" alt=\"\" class=\"wp-image-7630\" width=\"696\" height=\"696\" srcset=\"https:\/\/www.mielectro.es\/blog\/wp-content\/uploads\/2021\/10\/fri-samsung-rs68a8522s9ef-178x91-d-nf-inox.jpg 700w, https:\/\/www.mielectro.es\/blog\/wp-content\/uploads\/2021\/10\/fri-samsung-rs68a8522s9ef-178x91-d-nf-inox-300x300.jpg 300w, https:\/\/www.mielectro.es\/blog\/wp-content\/uploads\/2021\/10\/fri-samsung-rs68a8522s9ef-178x91-d-nf-inox-150x150.jpg 150w, https:\/\/www.mielectro.es\/blog\/wp-content\/uploads\/2021\/10\/fri-samsung-rs68a8522s9ef-178x91-d-nf-inox-696x696.jpg 696w, https:\/\/www.mielectro.es\/blog\/wp-content\/uploads\/2021\/10\/fri-samsung-rs68a8522s9ef-178x91-d-nf-inox-420x420.jpg 420w\" sizes=\"(max-width: 696px) 100vw, 696px\" \/><figcaption class=\"wp-element-caption\"><strong>Frigo Americano Samsung RS68A8522S9\/EF<\/strong><\/figcaption><\/figure><\/div>\n\n\n<p>Aqu\u00ed Samsung te lo explica mejor:<\/p>\n\n\n\n<figure class=\"wp-block-embed is-type-video is-provider-youtube wp-block-embed-youtube wp-embed-aspect-16-9 wp-has-aspect-ratio\"><div class=\"wp-block-embed__wrapper\">\nhttps:\/\/www.youtube.com\/watch?v=RL8vfnUsLKQ\n<\/div><\/figure>\n\n\n\n<p><\/p>\n\n\n\n<h3 class=\"wp-block-heading\"><span class=\"ez-toc-section\" id=\"Frigorifico_americano_con_pantalla_tactil\"><\/span>Frigor\u00edfico americano con pantalla t\u00e1ctil<span class=\"ez-toc-section-end\"><\/span><\/h3>\n\n\n\n<p>Y finalmente llegamos a los frigor\u00edficos americanos con pantalla t\u00e1ctil integrada que te permite ver lo que hay dentro sin abrir la puerta, ver recetas, dejar mensajes o notas, poner fotos&#8230; \u00a1Todo lo que imaginas y m\u00e1s!<\/p>\n\n\n<div class=\"wp-block-image\">\n<figure class=\"aligncenter size-large\"><img decoding=\"async\" loading=\"lazy\" width=\"778\" height=\"700\" src=\"https:\/\/www.mielectro.es\/blog\/wp-content\/uploads\/2021\/10\/fri-samsung-rs6ha8880s9ef-178x91-f-nf-inox.jpg\" alt=\"\" class=\"wp-image-7631\" srcset=\"https:\/\/www.mielectro.es\/blog\/wp-content\/uploads\/2021\/10\/fri-samsung-rs6ha8880s9ef-178x91-f-nf-inox.jpg 778w, https:\/\/www.mielectro.es\/blog\/wp-content\/uploads\/2021\/10\/fri-samsung-rs6ha8880s9ef-178x91-f-nf-inox-300x270.jpg 300w, https:\/\/www.mielectro.es\/blog\/wp-content\/uploads\/2021\/10\/fri-samsung-rs6ha8880s9ef-178x91-f-nf-inox-768x691.jpg 768w, https:\/\/www.mielectro.es\/blog\/wp-content\/uploads\/2021\/10\/fri-samsung-rs6ha8880s9ef-178x91-f-nf-inox-696x626.jpg 696w, https:\/\/www.mielectro.es\/blog\/wp-content\/uploads\/2021\/10\/fri-samsung-rs6ha8880s9ef-178x91-f-nf-inox-467x420.jpg 467w\" sizes=\"(max-width: 778px) 100vw, 778px\" \/><figcaption class=\"wp-element-caption\"><strong>Frigor\u00edfico Samsung RS6HA8880S9 Family Hub<\/strong><\/figcaption><\/figure><\/div>\n\n\n<div class=\"wp-block-buttons is-content-justification-center is-layout-flex wp-container-5\"><\/div>\n\n\n\n<p>\u00bfQu\u00e9 te han parecido?<\/p>\n\n\n\n<p>Ahora que ya conoces no solo las <strong>medidas de los frigor\u00edficos americanos<\/strong>, sino tambi\u00e9n la cantidad de posibilidades que ofrecen, solo nos queda recordarte que si tienes cualquier duda, puedes dej\u00e1rnosla escrita aqu\u00ed debajo.<\/p>\n\n\n\n<p>\u00a1Ahhh, y no olvides visitar nuestras redes! Tenemos muuuuuuuuuuuuchas cosas m\u00e1s que contarte.<\/p>\n","protected":false},"excerpt":{"rendered":"<p>Si est\u00e1s buscando un frigo americano, es muy importante que revises el espacio del que dispones en casa, as\u00ed como las medidas de los frigor\u00edficos americanos que hay en el mercado para saber cu\u00e1l es el que mejor se adapta a tus circunstancias. Por eso, en Mi Electro nos hemos propuesto pon\u00e9roslo muy f\u00e1cil y [&hellip;]<\/p>\n","protected":false},"author":1,"featured_media":7624,"comment_status":"open","ping_status":"open","sticky":false,"template":"","format":"standard","meta":{"tdm_status":"","tdm_grid_status":""},"categories":[20],"yoast_head":"<!-- This site is optimized with the Yoast SEO plugin v21.7 - https:\/\/yoast.com\/wordpress\/plugins\/seo\/ -->\n<title>Medidas del frigor\u00edfico americano: el espacio que necesitas<\/title>\n<meta name=\"description\" content=\"\u00bfConoces las medidas de los frigor\u00edficos americanos?, \u00bfSabes cu\u00e1l es el que mejor se adapta a ti? Sigue leyendo que te lo contamos.\" \/>\n<meta name=\"robots\" content=\"index, follow, max-snippet:-1, max-image-preview:large, max-video-preview:-1\" \/>\n<link rel=\"canonical\" href=\"https:\/\/www.mielectro.es\/blog\/guias-de-compra\/medidas-de-los-frigorificos-americanos\/\" \/>\n<meta property=\"og:locale\" content=\"es_ES\" \/>\n<meta property=\"og:type\" content=\"article\" \/>\n<meta property=\"og:title\" content=\"Medidas del frigor\u00edfico americano: el espacio que necesitas\" \/>\n<meta property=\"og:description\" content=\"\u00bfConoces las medidas de los frigor\u00edficos americanos?, \u00bfSabes cu\u00e1l es el que mejor se adapta a ti? Sigue leyendo que te lo contamos.\" \/>\n<meta property=\"og:url\" content=\"https:\/\/www.mielectro.es\/blog\/guias-de-compra\/medidas-de-los-frigorificos-americanos\/\" \/>\n<meta property=\"og:site_name\" content=\"Mi Electro News\" \/>\n<meta property=\"article:publisher\" content=\"https:\/\/www.facebook.com\/MiElectro.es\/\" \/>\n<meta property=\"article:published_time\" content=\"2021-10-08T09:41:46+00:00\" \/>\n<meta property=\"article:modified_time\" content=\"2024-09-03T13:32:47+00:00\" \/>\n<meta property=\"og:image\" content=\"https:\/\/www.mielectro.es\/blog\/wp-content\/uploads\/2021\/10\/medidas-de-los-frigorificos-americanos.jpg\" \/>\n\t<meta property=\"og:image:width\" content=\"600\" \/>\n\t<meta property=\"og:image:height\" content=\"400\" \/>\n\t<meta property=\"og:image:type\" content=\"image\/jpeg\" \/>\n<meta name=\"author\" content=\"Experto Mi Electro\" \/>\n<meta name=\"twitter:card\" content=\"summary_large_image\" \/>\n<meta name=\"twitter:creator\" content=\"@Mi_Electro\" \/>\n<meta name=\"twitter:site\" content=\"@Mi_Electro\" \/>\n<meta name=\"twitter:label1\" content=\"Escrito por\" \/>\n\t<meta name=\"twitter:data1\" content=\"Experto Mi Electro\" \/>\n\t<meta name=\"twitter:label2\" content=\"Tiempo de lectura\" \/>\n\t<meta name=\"twitter:data2\" content=\"5 minutos\" \/>\n<script type=\"application\/ld+json\" class=\"yoast-schema-graph\">{\"@context\":\"https:\/\/schema.org\",\"@graph\":[{\"@type\":\"WebPage\",\"@id\":\"https:\/\/www.mielectro.es\/blog\/guias-de-compra\/medidas-de-los-frigorificos-americanos\/\",\"url\":\"https:\/\/www.mielectro.es\/blog\/guias-de-compra\/medidas-de-los-frigorificos-americanos\/\",\"name\":\"Medidas del frigor\u00edfico americano: el espacio que necesitas\",\"isPartOf\":{\"@id\":\"https:\/\/www.mielectro.es\/blog\/#website\"},\"datePublished\":\"2021-10-08T09:41:46+00:00\",\"dateModified\":\"2024-09-03T13:32:47+00:00\",\"author\":{\"@id\":\"https:\/\/www.mielectro.es\/blog\/#\/schema\/person\/67be7a180f08a173d0191ab4cf18bcb2\"},\"description\":\"\u00bfConoces las medidas de los frigor\u00edficos americanos?, \u00bfSabes cu\u00e1l es el que mejor se adapta a ti? Sigue leyendo que te lo contamos.\",\"breadcrumb\":{\"@id\":\"https:\/\/www.mielectro.es\/blog\/guias-de-compra\/medidas-de-los-frigorificos-americanos\/#breadcrumb\"},\"inLanguage\":\"es\",\"potentialAction\":[{\"@type\":\"ReadAction\",\"target\":[\"https:\/\/www.mielectro.es\/blog\/guias-de-compra\/medidas-de-los-frigorificos-americanos\/\"]}]},{\"@type\":\"BreadcrumbList\",\"@id\":\"https:\/\/www.mielectro.es\/blog\/guias-de-compra\/medidas-de-los-frigorificos-americanos\/#breadcrumb\",\"itemListElement\":[{\"@type\":\"ListItem\",\"position\":1,\"name\":\"Home\",\"item\":\"https:\/\/www.mielectro.es\/blog\/\"},{\"@type\":\"ListItem\",\"position\":2,\"name\":\"Medidas de los frigor\u00edficos americanos: el espacio que necesitas\"}]},{\"@type\":\"WebSite\",\"@id\":\"https:\/\/www.mielectro.es\/blog\/#website\",\"url\":\"https:\/\/www.mielectro.es\/blog\/\",\"name\":\"Mi Electro\",\"description\":\"El blog de tu tienda de electrodom\u00e9sticos online\",\"potentialAction\":[{\"@type\":\"SearchAction\",\"target\":{\"@type\":\"EntryPoint\",\"urlTemplate\":\"https:\/\/www.mielectro.es\/blog\/?s={search_term_string}\"},\"query-input\":\"required name=search_term_string\"}],\"inLanguage\":\"es\"},{\"@type\":\"Person\",\"@id\":\"https:\/\/www.mielectro.es\/blog\/#\/schema\/person\/67be7a180f08a173d0191ab4cf18bcb2\",\"name\":\"Experto Mi Electro\",\"sameAs\":[\"https:\/\/www.mielectro.es\/blog\/\"]}]}<\/script>\n<!-- \/ Yoast SEO plugin. -->","yoast_head_json":{"title":"Medidas del frigor\u00edfico americano: el espacio que necesitas","description":"\u00bfConoces las medidas de los frigor\u00edficos americanos?, \u00bfSabes cu\u00e1l es el que mejor se adapta a ti? Sigue leyendo que te lo contamos.","robots":{"index":"index","follow":"follow","max-snippet":"max-snippet:-1","max-image-preview":"max-image-preview:large","max-video-preview":"max-video-preview:-1"},"canonical":"https:\/\/www.mielectro.es\/blog\/guias-de-compra\/medidas-de-los-frigorificos-americanos\/","og_locale":"es_ES","og_type":"article","og_title":"Medidas del frigor\u00edfico americano: el espacio que necesitas","og_description":"\u00bfConoces las medidas de los frigor\u00edficos americanos?, \u00bfSabes cu\u00e1l es el que mejor se adapta a ti? Sigue leyendo que te lo contamos.","og_url":"https:\/\/www.mielectro.es\/blog\/guias-de-compra\/medidas-de-los-frigorificos-americanos\/","og_site_name":"Mi Electro News","article_publisher":"https:\/\/www.facebook.com\/MiElectro.es\/","article_published_time":"2021-10-08T09:41:46+00:00","article_modified_time":"2024-09-03T13:32:47+00:00","og_image":[{"width":600,"height":400,"url":"https:\/\/www.mielectro.es\/blog\/wp-content\/uploads\/2021\/10\/medidas-de-los-frigorificos-americanos.jpg","type":"image\/jpeg"}],"author":"Experto Mi Electro","twitter_card":"summary_large_image","twitter_creator":"@Mi_Electro","twitter_site":"@Mi_Electro","twitter_misc":{"Escrito por":"Experto Mi Electro","Tiempo de lectura":"5 minutos"},"schema":{"@context":"https:\/\/schema.org","@graph":[{"@type":"WebPage","@id":"https:\/\/www.mielectro.es\/blog\/guias-de-compra\/medidas-de-los-frigorificos-americanos\/","url":"https:\/\/www.mielectro.es\/blog\/guias-de-compra\/medidas-de-los-frigorificos-americanos\/","name":"Medidas del frigor\u00edfico americano: el espacio que necesitas","isPartOf":{"@id":"https:\/\/www.mielectro.es\/blog\/#website"},"datePublished":"2021-10-08T09:41:46+00:00","dateModified":"2024-09-03T13:32:47+00:00","author":{"@id":"https:\/\/www.mielectro.es\/blog\/#\/schema\/person\/67be7a180f08a173d0191ab4cf18bcb2"},"description":"\u00bfConoces las medidas de los frigor\u00edficos americanos?, \u00bfSabes cu\u00e1l es el que mejor se adapta a ti? Sigue leyendo que te lo contamos.","breadcrumb":{"@id":"https:\/\/www.mielectro.es\/blog\/guias-de-compra\/medidas-de-los-frigorificos-americanos\/#breadcrumb"},"inLanguage":"es","potentialAction":[{"@type":"ReadAction","target":["https:\/\/www.mielectro.es\/blog\/guias-de-compra\/medidas-de-los-frigorificos-americanos\/"]}]},{"@type":"BreadcrumbList","@id":"https:\/\/www.mielectro.es\/blog\/guias-de-compra\/medidas-de-los-frigorificos-americanos\/#breadcrumb","itemListElement":[{"@type":"ListItem","position":1,"name":"Home","item":"https:\/\/www.mielectro.es\/blog\/"},{"@type":"ListItem","position":2,"name":"Medidas de los frigor\u00edficos americanos: el espacio que necesitas"}]},{"@type":"WebSite","@id":"https:\/\/www.mielectro.es\/blog\/#website","url":"https:\/\/www.mielectro.es\/blog\/","name":"Mi Electro","description":"El blog de tu tienda de electrodom\u00e9sticos online","potentialAction":[{"@type":"SearchAction","target":{"@type":"EntryPoint","urlTemplate":"https:\/\/www.mielectro.es\/blog\/?s={search_term_string}"},"query-input":"required name=search_term_string"}],"inLanguage":"es"},{"@type":"Person","@id":"https:\/\/www.mielectro.es\/blog\/#\/schema\/person\/67be7a180f08a173d0191ab4cf18bcb2","name":"Experto Mi Electro","sameAs":["https:\/\/www.mielectro.es\/blog\/"]}]}},"_links":{"self":[{"href":"https:\/\/www.mielectro.es\/blog\/wp-json\/wp\/v2\/posts\/7622"}],"collection":[{"href":"https:\/\/www.mielectro.es\/blog\/wp-json\/wp\/v2\/posts"}],"about":[{"href":"https:\/\/www.mielectro.es\/blog\/wp-json\/wp\/v2\/types\/post"}],"author":[{"embeddable":true,"href":"https:\/\/www.mielectro.es\/blog\/wp-json\/wp\/v2\/users\/1"}],"replies":[{"embeddable":true,"href":"https:\/\/www.mielectro.es\/blog\/wp-json\/wp\/v2\/comments?post=7622"}],"version-history":[{"count":6,"href":"https:\/\/www.mielectro.es\/blog\/wp-json\/wp\/v2\/posts\/7622\/revisions"}],"predecessor-version":[{"id":10935,"href":"https:\/\/www.mielectro.es\/blog\/wp-json\/wp\/v2\/posts\/7622\/revisions\/10935"}],"wp:featuredmedia":[{"embeddable":true,"href":"https:\/\/www.mielectro.es\/blog\/wp-json\/wp\/v2\/media\/7624"}],"wp:attachment":[{"href":"https:\/\/www.mielectro.es\/blog\/wp-json\/wp\/v2\/media?parent=7622"}],"wp:term":[{"taxonomy":"category","embeddable":true,"href":"https:\/\/www.mielectro.es\/blog\/wp-json\/wp\/v2\/categories?post=7622"}],"curies":[{"name":"wp","href":"https:\/\/api.w.org\/{rel}","templated":true}]}}